{"id":10882,"date":"2022-11-30T17:14:00","date_gmt":"2022-11-30T17:14:00","guid":{"rendered":"https:\/\/pecorari-cloudbr722.pecoraricloud.com.br\/~serjusmigorg\/equipe-de-transicao-trabalha-para-sepultar-reforma-administrativa\/"},"modified":"2026-08-06T22:01:04","modified_gmt":"2026-08-07T01:01:04","slug":"equipe-de-transicao-trabalha-para-sepultar-reforma-administrativa","status":"publish","type":"post","link":"https:\/\/br01.clst1804.huntidata.com.br\/~serjusmigorg\/equipe-de-transicao-trabalha-para-sepultar-reforma-administrativa\/","title":{"rendered":"Equipe de transi\u00e7\u00e3o trabalha para sepultar Reforma Administrativa"},"content":{"rendered":"\n<figure class=\"wp-block-image size-large is-resized\"><img fetchpriority=\"high\" decoding=\"async\" width=\"1024\" height=\"615\" src=\"https:\/\/br01.clst1804.huntidata.com.br\/~serjusmigorg\/wp-content\/uploads\/2022\/11\/437b858b750b97db830f937c00abe41a34b4fba2-1024x615.jpg\" alt=\"\" class=\"wp-image-23127\" style=\"aspect-ratio:1.6650852437941905;width:799px;height:auto\" srcset=\"https:\/\/br01.clst1804.huntidata.com.br\/~serjusmigorg\/wp-content\/uploads\/2022\/11\/437b858b750b97db830f937c00abe41a34b4fba2-1024x615.jpg 1024w, https:\/\/br01.clst1804.huntidata.com.br\/~serjusmigorg\/wp-content\/uploads\/2022\/11\/437b858b750b97db830f937c00abe41a34b4fba2-300x180.jpg 300w, https:\/\/br01.clst1804.huntidata.com.br\/~serjusmigorg\/wp-content\/uploads\/2022\/11\/437b858b750b97db830f937c00abe41a34b4fba2-768x461.jpg 768w, https:\/\/br01.clst1804.huntidata.com.br\/~serjusmigorg\/wp-content\/uploads\/2022\/11\/437b858b750b97db830f937c00abe41a34b4fba2-370x222.jpg 370w, https:\/\/br01.clst1804.huntidata.com.br\/~serjusmigorg\/wp-content\/uploads\/2022\/11\/437b858b750b97db830f937c00abe41a34b4fba2-1290x774.jpg 1290w, https:\/\/br01.clst1804.huntidata.com.br\/~serjusmigorg\/wp-content\/uploads\/2022\/11\/437b858b750b97db830f937c00abe41a34b4fba2-1080x648.jpg 1080w, https:\/\/br01.clst1804.huntidata.com.br\/~serjusmigorg\/wp-content\/uploads\/2022\/11\/437b858b750b97db830f937c00abe41a34b4fba2-865x519.jpg 865w, https:\/\/br01.clst1804.huntidata.com.br\/~serjusmigorg\/wp-content\/uploads\/2022\/11\/437b858b750b97db830f937c00abe41a34b4fba2-642x385.jpg 642w, https:\/\/br01.clst1804.huntidata.com.br\/~serjusmigorg\/wp-content\/uploads\/2022\/11\/437b858b750b97db830f937c00abe41a34b4fba2.jpg 1333w\" sizes=\"(max-width: 1024px) 100vw, 1024px\" \/><figcaption class=\"wp-element-caption\">xr:d:DAEyc7h-YpY:789,j:42682571835,t:22113020<\/figcaption><\/figure>\n\n\n<p>&nbsp;<\/p>\n<p style=\"text-align: justify;\">Integrante da equipe de transi\u00e7\u00e3o na \u00e1rea do trabalho, o deputado federal Rog\u00e9rio Correia (PT) anunciou que o novo governo pretende rever duas iniciativas do governo Bolsonaro (PL): a Reforma Administrativa (PEC 32), que tramita na C\u00e2mara dos Deputados, e a Carteira Verde e Amarela (MP 905\/2019). Ambas foram elaboradas pelo ministro da Economia, Paulo Guedes.\u00a0<\/p>\n<p style=\"text-align: justify;\">A Carteira Verde e Amarela prev\u00ea a contrata\u00e7\u00e3o de jovens em uma modalidade de carteira assinada com direitos reduzidos. Em 2019, o governo Bolsonaro tentou transformar a proposta em lei, mas ela foi barrada no Senado.\u00a0<\/p>\n<p style=\"text-align: justify;\">\u201cDevemos garantir a transi\u00e7\u00e3o para um novo governo, em que o trabalhador tenha direitos e emprego. Ser\u00e1, portanto, um governo diferente do atual, em que o desemprego \u00e9 a norma e a perda de direitos tinha o rigor da legisla\u00e7\u00e3o\u201d, comenta Rog\u00e9rio Correia.\u00a0<\/p>\n<p style=\"text-align: justify;\">Simultaneamente, a equipe trabalha pela derrota da PEC 32, encaminhada pelo governo Bolsonaro ao Congresso em 2020. No ano passado, a Reforma Administrativa chegou a ser aprovada na Comiss\u00e3o de Constitui\u00e7\u00e3o, Justi\u00e7a e de Cidadania (CCJC) e na Comiss\u00e3o Especial. Por\u00e9m, desde ent\u00e3o, sua tramita\u00e7\u00e3o est\u00e1 parada, por falta de votos favor\u00e1veis.\u00a0<\/p>\n<p style=\"text-align: justify;\">Se aprovada, a Reforma Administrativa proposta pelo atual governo levar\u00e1 \u00e0 redu\u00e7\u00e3o dos sal\u00e1rios dos servidores em at\u00e9 25%, com diminui\u00e7\u00e3o de jornada, ao fim da estabilidade, \u00e0 terceiriza\u00e7\u00e3o da atividade fim e outras perdas de direitos. De acordo com Correia, a derrota provis\u00f3ria da PEC 32 \u00e9 fruto da mobiliza\u00e7\u00e3o e press\u00e3o dos trabalhadores, no que o SERJUSMIG cumpre um papel de destaque.\u00a0<\/p>\n<p style=\"text-align: justify;\">\u201cA nossa tarefa agora \u00e9 trabalhar pela retirada de tramita\u00e7\u00e3o da PEC. Ela poder\u00e1 ser retirada, a depender de quem for o presidente da C\u00e2mara, mas um pedido do pr\u00f3ximo presidente tem uma for\u00e7a muito grande. Ent\u00e3o, vamos come\u00e7ar a rediscutir o papel do servi\u00e7o p\u00fablico e como valoriz\u00e1-lo no pa\u00eds em outro patamar, e n\u00e3o com essa reforma, que \u00e9 um desmonte\u201d, acrescenta.\u00a0<br \/>\u00a0<\/p>\n<p style=\"text-align: center;\"><iframe title=\"YouTube video player\" src=\"https:\/\/www.youtube.com\/embed\/AnkH318jOZA\" width=\"560\" height=\"315\" frameborder=\"0\" allowfullscreen=\"allowfullscreen\"><\/iframe><\/p>\n<p><span style=\"font-size: 10px;\">Participa\u00e7\u00e3o do deputado Rog\u00e9rio Correia (PT), integrante da equipe de transi\u00e7\u00e3o, no XXIII Encontro de Delegados e Delegadas<\/span><\/p>\n<p style=\"text-align: justify;\">\u00a0<\/p>\n<p style=\"text-align: justify;\"><strong>Unidade da luta<\/strong><\/p>\n<p style=\"text-align: justify;\">A mobiliza\u00e7\u00e3o contra a PEC 32 tem prosperado, entre outros motivos, gra\u00e7as \u00e0 unidade nacional das diferentes organiza\u00e7\u00f5es dos servidores p\u00fablicos e parlamentares que defendem o servi\u00e7o p\u00fablico. Isto fez com que, desde a aprova\u00e7\u00e3o do substitutivo na Comiss\u00e3o Especial, em outubro de 2021, a PEC fosse gradativamente perdendo votos de parlamentares que, no in\u00edcio, apoiavam a proposta ou estavam abertos a negociar com o governo.\u00a0<\/p>\n<p style=\"text-align: justify;\">Eduardo Couto, presidente do SERJUSMIG e coordenador de assuntos parlamentares da FENAJUD, destaca o empenho dos deputados e senadores da oposi\u00e7\u00e3o, organizados na Frente Parlamentar Mista do Servi\u00e7o P\u00fablico, nas negocia\u00e7\u00f5es pela rejei\u00e7\u00e3o da PEC.<\/p>\n<p style=\"text-align: justify;\">\u201cQuando \u00e9ramos uma pequena minoria, eles n\u00e3o mediram esfor\u00e7os para reverter aquele quadro desfavor\u00e1vel, mesmo lutando contra todo tipo de ataque vindo da extrema direita e uma m\u00e1quina governamental poderosa, com or\u00e7amento secreto e todo tipo de manobra a servi\u00e7o do desmonte do servi\u00e7o p\u00fablico\u201d, recorda. Isso, somado \u00e0 unidade dos servidores federais, estaduais e municipais contra a PEC, tem garantido uma luta exitosa.<\/p>\n<p style=\"text-align: justify;\">\u201cNa Reforma da Previd\u00eancia federal, o governo conseguiu gerar certa desmobiliza\u00e7\u00e3o ao dizer que a proposta afetaria apenas os servidores federais. Menos de um ano depois, vimos v\u00e1rios estados, impelidos pela Reforma federal, aprovarem suas reformas estaduais. Agora, entretanto, tem prevalecido a compreens\u00e3o de que temos que lutar juntos pela rejei\u00e7\u00e3o da Reforma Administrativa, o que \u00e9 um avan\u00e7o na consci\u00eancia dos servidores\u201d, avalia.<\/p>\n<p style=\"text-align: justify;\">\u00a0<\/p>\n<p style=\"text-align: justify;\"><em><strong>SERJUSMIG<\/strong><br \/>Unir, Lutar e Vencer!<\/em><\/p>","protected":false},"excerpt":{"rendered":"<p>n\/a<\/p>\n","protected":false},"author":1,"featured_media":23127,"comment_status":"open","ping_status":"open","sticky":false,"template":"","format":"standard","meta":{"_acf_changed":false,"cybocfi_hide_featured_image":"yes","footnotes":""},"categories":[1],"tags":[],"class_list":["post-10882","post","type-post","status-publish","format-standard","has-post-thumbnail","hentry","category-sem-categoria"],"acf":{"chapeu_post":""},"_links":{"self":[{"href":"https:\/\/br01.clst1804.huntidata.com.br\/~serjusmigorg\/wp-json\/wp\/v2\/posts\/10882","targetHints":{"allow":["GET"]}}],"collection":[{"href":"https:\/\/br01.clst1804.huntidata.com.br\/~serjusmigorg\/wp-json\/wp\/v2\/posts"}],"about":[{"href":"https:\/\/br01.clst1804.huntidata.com.br\/~serjusmigorg\/wp-json\/wp\/v2\/types\/post"}],"author":[{"embeddable":true,"href":"https:\/\/br01.clst1804.huntidata.com.br\/~serjusmigorg\/wp-json\/wp\/v2\/users\/1"}],"replies":[{"embeddable":true,"href":"https:\/\/br01.clst1804.huntidata.com.br\/~serjusmigorg\/wp-json\/wp\/v2\/comments?post=10882"}],"version-history":[{"count":1,"href":"https:\/\/br01.clst1804.huntidata.com.br\/~serjusmigorg\/wp-json\/wp\/v2\/posts\/10882\/revisions"}],"predecessor-version":[{"id":23128,"href":"https:\/\/br01.clst1804.huntidata.com.br\/~serjusmigorg\/wp-json\/wp\/v2\/posts\/10882\/revisions\/23128"}],"wp:featuredmedia":[{"embeddable":true,"href":"https:\/\/br01.clst1804.huntidata.com.br\/~serjusmigorg\/wp-json\/wp\/v2\/media\/23127"}],"wp:attachment":[{"href":"https:\/\/br01.clst1804.huntidata.com.br\/~serjusmigorg\/wp-json\/wp\/v2\/media?parent=10882"}],"wp:term":[{"taxonomy":"category","embeddable":true,"href":"https:\/\/br01.clst1804.huntidata.com.br\/~serjusmigorg\/wp-json\/wp\/v2\/categories?post=10882"},{"taxonomy":"post_tag","embeddable":true,"href":"https:\/\/br01.clst1804.huntidata.com.br\/~serjusmigorg\/wp-json\/wp\/v2\/tags?post=10882"}],"curies":[{"name":"wp","href":"https:\/\/api.w.org\/{rel}","templated":true}]}}