{"id":10884,"date":"2022-12-01T19:02:00","date_gmt":"2022-12-01T19:02:00","guid":{"rendered":"https:\/\/pecorari-cloudbr722.pecoraricloud.com.br\/~serjusmigorg\/data-base-e-aprovada-nas-comissoes-e-esta-pronta-para-votacao-no-plenario\/"},"modified":"2022-12-01T19:02:00","modified_gmt":"2022-12-01T19:02:00","slug":"data-base-e-aprovada-nas-comissoes-e-esta-pronta-para-votacao-no-plenario","status":"publish","type":"post","link":"https:\/\/br01.clst1804.huntidata.com.br\/~serjusmigorg\/data-base-e-aprovada-nas-comissoes-e-esta-pronta-para-votacao-no-plenario\/","title":{"rendered":"Data-base \u00e9 aprovada nas comiss\u00f5es e est\u00e1 pronta para vota\u00e7\u00e3o no Plen\u00e1rio"},"content":{"rendered":"<p><img decoding=\"async\" src=\"https:\/\/br01.clst1804.huntidata.com.br\/~serjusmigorg\/wp-content\/uploads\/antigo\/a46c79d8b302c32638362c119a5335af1b73c532.jpg\"><\/p>\n<p style=\"text-align: justify;\">Na tarde desta quinta-feira(1), na Assembleia Legislativa, o Projeto de Lei (PL) 4.037\/2022, da data-base dos servidores do TJMG, foi aprovado nas comiss&otilde;es de Constitui&ccedil;&atilde;o e Justi&ccedil;a (CCJ), de Administra&ccedil;&atilde;o P&uacute;blica (CAP) e de Fiscaliza&ccedil;&atilde;o Financeira e Or&ccedil;ament&aacute;ria (CFFO). Com isso, o texto est&aacute; pronto para o Plen&aacute;rio, onde, segundo apura&ccedil;&atilde;o dos sindicatos, dever&atilde;o ocorrer vota&ccedil;&otilde;es na semana do dia 12 de dezembro.<\/p>\n<p style=\"text-align: justify;\">O PL 4.037, de autoria do Tribunal de Justi&ccedil;a, prev&ecirc; a reposi&ccedil;&atilde;o das perdas salariais, no percentual de 12,13%, medido pelo IPCA do per&iacute;odo de 01\/05\/2021 a 30\/04\/2022. O valor corresponde ao que os tr&ecirc;s sindicatos, SERJUSMIG, SINDOJUS e SINJUS, defenderam insistentemente nas reuni&otilde;es da mesa de negocia&ccedil;&atilde;o.<\/p>\n<p style=\"text-align: justify;\">Al&eacute;m de recompor as perdas salariais dos servidores do Judici&aacute;rio, o PL 4.037\/2022 corrige uma injusti&ccedil;a hist&oacute;rica com os ocupantes de cargos em comiss&atilde;o, os quais trabalham oito &nbsp;horas, mas recebem apenas seis horas. O Projeto permite a migra&ccedil;&atilde;o desses cargos para a tabela salarial de oito horas.&nbsp;<\/p>\n<p style=\"text-align: justify;\"><a href=\"https:\/\/www.almg.gov.br\/projetos-de-lei\/PL\/4037\/2022\"><strong>ACESSE AQUI O TEXTO DO PL 4.037\/2022<\/strong><\/a><\/p>\n<p style=\"text-align: justify;\">&nbsp;<\/p>\n<p style=\"text-align: center;\"><iframe allow=\"accelerometer; autoplay; clipboard-write; encrypted-media; gyroscope; picture-in-picture\" allowfullscreen=\"\" frameborder=\"0\" height=\"315\" src=\"https:\/\/www.youtube.com\/embed\/Woiu2JeYcbI\" title=\"YouTube video player\" width=\"560\"><\/iframe><\/p>\n<p style=\"text-align: justify;\">&nbsp;<\/p>\n<p style=\"text-align: justify;\"><strong>Import&acirc;ncia da reposi&ccedil;&atilde;o<\/strong><\/p>\n<p style=\"text-align: justify;\">Fruto da luta, a recomposi&ccedil;&atilde;o das perdas salariais &eacute; um direito de todos os trabalhadores, consagrado no artigo 37 da Constitui&ccedil;&atilde;o Federal e, no caso dos servidores do Judici&aacute;rio mineiro, tamb&eacute;m na Lei estadual 18.909\/2010.&nbsp;<\/p>\n<p style=\"text-align: justify;\">Membros das diretorias dos sindicatos e servidores de diferentes comarcas, com destaque para uma delega&ccedil;&atilde;o da comarca de Formiga, compareceram ao Plenarinho IV da ALMG para acompanhar as vota&ccedil;&otilde;es e pressionar os parlamentares pela aprova&ccedil;&atilde;o da data-base.<\/p>\n<p style=\"text-align: justify;\">&ldquo;A luta pela reposi&ccedil;&atilde;o salarial &eacute; constante. A reposi&ccedil;&atilde;o salairal jamais seria poss&iacute;vel sem o trabalho sindical, a mobiliza&ccedil;&atilde;o dos pr&oacute;prios trabalhadores e o di&aacute;logo, que, atualmente, se materializa na mesa de negocia&ccedil;&otilde;es entre sindicatos e a dire&ccedil;&atilde;o do Tribunal. Agora, precisamos manter a mobiliza&ccedil;&atilde;o, pois a luta passa a ser no Plen&aacute;rio&rdquo;, aponta Eduardo Couto, presidente do SERJUSMIG.&nbsp;<\/p>\n<p style=\"text-align: justify;\"><strong>Veja os registros da luta na ALMG:<\/strong><br \/>\n&nbsp;<\/p>\n<p style=\"text-align: center;\"><iframe allow=\"autoplay; clipboard-write; encrypted-media; picture-in-picture; web-share\" allowfullscreen=\"true\" frameborder=\"0\" height=\"735\" scrolling=\"no\" src=\"https:\/\/www.facebook.com\/plugins\/post.php?href=https%3A%2F%2Fwww.facebook.com%2Fserjusmig%2Fposts%2Fpfbid0sWwvcM38VKTzb5NDdHtUi96gEWSyMiuccgQvXXRjotysZZsR4bvXpzbSwMKfwpxAl&amp;show_text=true&amp;width=500\" style=\"border:none;overflow:hidden\" width=\"500\"><\/iframe><\/p>\n<p style=\"text-align: justify;\">&nbsp;<\/p>\n<p style=\"text-align: justify;\"><em><strong>SERJUSMIG<\/strong><br \/>\nUnir, Lutar e Vencer!<\/em><\/p>\n<p style=\"text-align: justify;\">&nbsp;<\/p>\n<p style=\"text-align: justify;\"><strong>Foto: <\/strong>Sarah Torres \/ ALMG<\/p>\n<p style=\"text-align: justify;\">&nbsp;<\/p>\n<p style=\"text-align: justify;\"><strong><i>Visite nossas redes!<\/i><\/strong><br \/>\n<i><em>O SERJUSMIG est&aacute; presente tamb&eacute;m nas suas redes sociais. Para receber as informa&ccedil;&otilde;es do Sindicato de forma r&aacute;pida e eficiente, siga o&nbsp;<\/em><strong>@serjusmig<\/strong><em>&nbsp;no&nbsp;<a href=\"http:\/\/instragram.com\/serjusmig\">Instagram<\/a>,&nbsp;<a href=\"http:\/\/facebook.com\/serjusmig\">Facebook<\/a>&nbsp;e&nbsp;<a href=\"http:\/\/twitter.com\/serjusmig\">Twitter<\/a>. Se quiser ter mat&eacute;rias di&aacute;rias diretamente no seu Whatsapp, basta salvar o n&uacute;mero da comunica&ccedil;&atilde;o, (31) 99778-3411, e pedir para ser inserido em uma das listas de transmiss&atilde;o.<\/em><\/i><\/p>\n","protected":false},"excerpt":{"rendered":"<p>n\/a<\/p>\n","protected":false},"author":1,"featured_media":0,"comment_status":"open","ping_status":"open","sticky":false,"template":"","format":"standard","meta":{"_acf_changed":false,"cybocfi_hide_featured_image":"","footnotes":""},"categories":[1],"tags":[],"class_list":["post-10884","post","type-post","status-publish","format-standard","hentry","category-sem-categoria"],"acf":{"chapeu_post":""},"_links":{"self":[{"href":"https:\/\/br01.clst1804.huntidata.com.br\/~serjusmigorg\/wp-json\/wp\/v2\/posts\/10884","targetHints":{"allow":["GET"]}}],"collection":[{"href":"https:\/\/br01.clst1804.huntidata.com.br\/~serjusmigorg\/wp-json\/wp\/v2\/posts"}],"about":[{"href":"https:\/\/br01.clst1804.huntidata.com.br\/~serjusmigorg\/wp-json\/wp\/v2\/types\/post"}],"author":[{"embeddable":true,"href":"https:\/\/br01.clst1804.huntidata.com.br\/~serjusmigorg\/wp-json\/wp\/v2\/users\/1"}],"replies":[{"embeddable":true,"href":"https:\/\/br01.clst1804.huntidata.com.br\/~serjusmigorg\/wp-json\/wp\/v2\/comments?post=10884"}],"version-history":[{"count":0,"href":"https:\/\/br01.clst1804.huntidata.com.br\/~serjusmigorg\/wp-json\/wp\/v2\/posts\/10884\/revisions"}],"wp:attachment":[{"href":"https:\/\/br01.clst1804.huntidata.com.br\/~serjusmigorg\/wp-json\/wp\/v2\/media?parent=10884"}],"wp:term":[{"taxonomy":"category","embeddable":true,"href":"https:\/\/br01.clst1804.huntidata.com.br\/~serjusmigorg\/wp-json\/wp\/v2\/categories?post=10884"},{"taxonomy":"post_tag","embeddable":true,"href":"https:\/\/br01.clst1804.huntidata.com.br\/~serjusmigorg\/wp-json\/wp\/v2\/tags?post=10884"}],"curies":[{"name":"wp","href":"https:\/\/api.w.org\/{rel}","templated":true}]}}