{"id":10890,"date":"2022-12-12T17:20:00","date_gmt":"2022-12-12T17:20:00","guid":{"rendered":"https:\/\/pecorari-cloudbr722.pecoraricloud.com.br\/~serjusmigorg\/fenajud-se-reune-com-membros-da-equipe-de-transicao-do-ministerio-da-justica-e-apresenta-reivindicacoes\/"},"modified":"2022-12-12T17:20:00","modified_gmt":"2022-12-12T17:20:00","slug":"fenajud-se-reune-com-membros-da-equipe-de-transicao-do-ministerio-da-justica-e-apresenta-reivindicacoes","status":"publish","type":"post","link":"https:\/\/br01.clst1804.huntidata.com.br\/~serjusmigorg\/fenajud-se-reune-com-membros-da-equipe-de-transicao-do-ministerio-da-justica-e-apresenta-reivindicacoes\/","title":{"rendered":"Fenajud se re\u00fane com membros da equipe de transi\u00e7\u00e3o do Minist\u00e9rio da Justi\u00e7a e apresenta reivindica\u00e7\u00f5es"},"content":{"rendered":"<p><img decoding=\"async\" src=\"https:\/\/br01.clst1804.huntidata.com.br\/~serjusmigorg\/wp-content\/uploads\/antigo\/53ee3322abcd9b7feec87db1346f4142f02b1cf3.jpg\"><\/p>\n<p style=\"text-align: justify;\">O Coordenador-geral e o secret&aacute;rio-geral da Fenajud estiveram acompanhados da assessoria jur&iacute;dica e de dirigente da justi&ccedil;a federal, onde apresentaram as demandas de todo o Sistema de Justi&ccedil;a.<\/p>\n<p style=\"text-align: justify;\">Na manh&atilde; desta quinta-feira (08) a Fenajud &ndash; Federa&ccedil;&atilde;o Nacional dos Trabalhadores do Judici&aacute;rio nos Estados esteve em reuni&atilde;o com membros do grupo t&eacute;cnico que ir&aacute; cuidar da &aacute;rea da Justi&ccedil;a e Seguran&ccedil;a P&uacute;blica no Minist&eacute;rio do governo Lula. Os dirigentes apresentaram algumas demandas das trabalhadoras e dos trabalhadores que comp&otilde;em o Sistema de Justi&ccedil;a e fizeram a entrega da Plataforma Pol&iacute;tica das Trabalhadores e Trabalhadores produzida pela Fenajud, Fenajufe e Fenamp.<\/p>\n<p style=\"text-align: justify;\">O encontro contou com a presen&ccedil;a do coordenador-geral, Alexandre Santos; do coordenador da secretaria-geral, Ivonaldo Batista; e dos assessores jur&iacute;dicos, Ar&atilde;o Gabriel e Cleiton de Souza. Al&eacute;m deles, o ex-deputado federal Policarpo, dirigente da Fenajufe esteve no encontro. O grupo foi recebido pelo Waldih Damous, que &eacute; membro do grupo t&eacute;cnico que ir&aacute; cuidar da &aacute;rea da Justi&ccedil;a e Seguran&ccedil;a P&uacute;blica.<\/p>\n<p style=\"text-align: justify;\">Wadih Damous, que &eacute; advogado, ex-presidente da OAB-RJ, exerceu dois mandatos de deputado federal, quando apresentou 27 projetos de lei que tratam de sistema de justi&ccedil;a, direitos trabalhistas e defesa da advocacia. Foi presidente da Comiss&atilde;o da Verdade do Rio e da Comiss&atilde;o Nacional de Direitos Humanos da OAB.<\/p>\n<p style=\"text-align: justify;\">Alexandre e Ivonaldo avaliaram positivamente a reuni&atilde;o. Para eles, o encontro serviu como in&iacute;cio de um futuro di&aacute;logo com o pr&oacute;ximo governo. Entre os temas tratados estavam as demandas dos trabalhadores e trabalhadores do sistema de justi&ccedil;a, a composi&ccedil;&atilde;o do Minist&eacute;rio e a democratiza&ccedil;&atilde;o do judici&aacute;rio, al&eacute;m de outras pautas de interesse da sociedade constantes na Plataforma.<\/p>\n<p style=\"text-align: justify;\">&nbsp;<\/p>\n<p style=\"text-align: justify;\"><strong>Fonte: <\/strong><a href=\"https:\/\/fenajud.org.br\/?p=13501\">Fenajud<\/a><\/p>\n","protected":false},"excerpt":{"rendered":"<p>n\/a<\/p>\n","protected":false},"author":1,"featured_media":0,"comment_status":"open","ping_status":"open","sticky":false,"template":"","format":"standard","meta":{"_acf_changed":false,"cybocfi_hide_featured_image":"","footnotes":""},"categories":[1],"tags":[],"class_list":["post-10890","post","type-post","status-publish","format-standard","hentry","category-sem-categoria"],"acf":{"chapeu_post":""},"_links":{"self":[{"href":"https:\/\/br01.clst1804.huntidata.com.br\/~serjusmigorg\/wp-json\/wp\/v2\/posts\/10890","targetHints":{"allow":["GET"]}}],"collection":[{"href":"https:\/\/br01.clst1804.huntidata.com.br\/~serjusmigorg\/wp-json\/wp\/v2\/posts"}],"about":[{"href":"https:\/\/br01.clst1804.huntidata.com.br\/~serjusmigorg\/wp-json\/wp\/v2\/types\/post"}],"author":[{"embeddable":true,"href":"https:\/\/br01.clst1804.huntidata.com.br\/~serjusmigorg\/wp-json\/wp\/v2\/users\/1"}],"replies":[{"embeddable":true,"href":"https:\/\/br01.clst1804.huntidata.com.br\/~serjusmigorg\/wp-json\/wp\/v2\/comments?post=10890"}],"version-history":[{"count":0,"href":"https:\/\/br01.clst1804.huntidata.com.br\/~serjusmigorg\/wp-json\/wp\/v2\/posts\/10890\/revisions"}],"wp:attachment":[{"href":"https:\/\/br01.clst1804.huntidata.com.br\/~serjusmigorg\/wp-json\/wp\/v2\/media?parent=10890"}],"wp:term":[{"taxonomy":"category","embeddable":true,"href":"https:\/\/br01.clst1804.huntidata.com.br\/~serjusmigorg\/wp-json\/wp\/v2\/categories?post=10890"},{"taxonomy":"post_tag","embeddable":true,"href":"https:\/\/br01.clst1804.huntidata.com.br\/~serjusmigorg\/wp-json\/wp\/v2\/tags?post=10890"}],"curies":[{"name":"wp","href":"https:\/\/api.w.org\/{rel}","templated":true}]}}