{"id":10895,"date":"2022-12-16T18:10:00","date_gmt":"2022-12-16T18:10:00","guid":{"rendered":"https:\/\/pecorari-cloudbr722.pecoraricloud.com.br\/~serjusmigorg\/com-respaldo-de-nunes-marques-zema-da-mais-um-passo-na-adesao-ao-rrf\/"},"modified":"2026-08-06T22:59:01","modified_gmt":"2026-08-07T01:59:01","slug":"com-respaldo-de-nunes-marques-zema-da-mais-um-passo-na-adesao-ao-rrf","status":"publish","type":"post","link":"https:\/\/br01.clst1804.huntidata.com.br\/~serjusmigorg\/com-respaldo-de-nunes-marques-zema-da-mais-um-passo-na-adesao-ao-rrf\/","title":{"rendered":"Com respaldo de Nunes Marques, Zema d\u00e1 mais um passo na ades\u00e3o ao RRF"},"content":{"rendered":"\n<figure class=\"wp-block-image size-large\"><img fetchpriority=\"high\" decoding=\"async\" width=\"1024\" height=\"615\" src=\"https:\/\/br01.clst1804.huntidata.com.br\/~serjusmigorg\/wp-content\/uploads\/2022\/12\/d01ec555bc74ea9bbb7761d06a20777bbd3360e9-1024x615.jpg\" alt=\"\" class=\"wp-image-23259\" srcset=\"https:\/\/br01.clst1804.huntidata.com.br\/~serjusmigorg\/wp-content\/uploads\/2022\/12\/d01ec555bc74ea9bbb7761d06a20777bbd3360e9-1024x615.jpg 1024w, https:\/\/br01.clst1804.huntidata.com.br\/~serjusmigorg\/wp-content\/uploads\/2022\/12\/d01ec555bc74ea9bbb7761d06a20777bbd3360e9-300x180.jpg 300w, https:\/\/br01.clst1804.huntidata.com.br\/~serjusmigorg\/wp-content\/uploads\/2022\/12\/d01ec555bc74ea9bbb7761d06a20777bbd3360e9-768x461.jpg 768w, https:\/\/br01.clst1804.huntidata.com.br\/~serjusmigorg\/wp-content\/uploads\/2022\/12\/d01ec555bc74ea9bbb7761d06a20777bbd3360e9-370x222.jpg 370w, https:\/\/br01.clst1804.huntidata.com.br\/~serjusmigorg\/wp-content\/uploads\/2022\/12\/d01ec555bc74ea9bbb7761d06a20777bbd3360e9-1290x774.jpg 1290w, https:\/\/br01.clst1804.huntidata.com.br\/~serjusmigorg\/wp-content\/uploads\/2022\/12\/d01ec555bc74ea9bbb7761d06a20777bbd3360e9-1080x648.jpg 1080w, https:\/\/br01.clst1804.huntidata.com.br\/~serjusmigorg\/wp-content\/uploads\/2022\/12\/d01ec555bc74ea9bbb7761d06a20777bbd3360e9-865x519.jpg 865w, https:\/\/br01.clst1804.huntidata.com.br\/~serjusmigorg\/wp-content\/uploads\/2022\/12\/d01ec555bc74ea9bbb7761d06a20777bbd3360e9-642x385.jpg 642w, https:\/\/br01.clst1804.huntidata.com.br\/~serjusmigorg\/wp-content\/uploads\/2022\/12\/d01ec555bc74ea9bbb7761d06a20777bbd3360e9.jpg 1333w\" sizes=\"(max-width: 1024px) 100vw, 1024px\" \/><figcaption class=\"wp-element-caption\">xr:d:DAEyc7h-YpY:843,j:43788022299,t:22121621<\/figcaption><\/figure>\n\n\n<p>&nbsp;<\/p>\n<p style=\"text-align: center;\"><iframe style=\"border-radius: 12px;\" src=\"https:\/\/open.spotify.com\/embed\/episode\/0XjMzBRvDoIe4ah7YwfhWN?utm_source=generator&amp;theme=0\" width=\"100%\" height=\"152\" frameborder=\"0\" allowfullscreen=\"allowfullscreen\"><\/iframe><\/p>\n<p style=\"text-align: justify;\">\u00a0<\/p>\n<p style=\"text-align: justify;\">Com a interfer\u00eancia do ministro do Supremo Tribunal Federal (STF) Kassio Nunes Marques, nesta sexta-feira (16), Romeu Zema (Novo) deu mais um passo na ades\u00e3o ao Regime de Recupera\u00e7\u00e3o Fiscal (RRF). A movimenta\u00e7\u00e3o desconsidera o Poder Legislativo e refor\u00e7a os ataques do governador ao servi\u00e7o p\u00fablico mineiro.\u00a0<\/p>\n<p style=\"text-align: justify;\">\u00a0<\/p>\n<p style=\"text-align: justify;\"><strong>Interfer\u00eancia do STF<\/strong><\/p>\n<p style=\"text-align: justify;\">Na segunda-feira (12), Nunes Marques concedeu liminar para que Minas Gerais celebre com a Uni\u00e3o o contrato de ades\u00e3o ao Regime de Recupera\u00e7\u00e3o Fiscal (RFF), mediante decreto editado pelo pr\u00f3prio governador.\u00a0<\/p>\n<p style=\"text-align: justify;\">A liminar, no \u00e2mbito da Argui\u00e7\u00e3o de Descumprimento de Preceito Fundamental (ADPF) 983, foi proferida ap\u00f3s a Secretaria do Tesouro Nacional indeferir um pedido do governo de Minas para celebrar contrato de refinanciamento da d\u00edvida do estado com a Uni\u00e3o, nos termos do RRF.\u00a0<\/p>\n<p style=\"text-align: justify;\">Segundo a Secretaria, tal procedimento n\u00e3o poderia ocorrer sem o aval da Assembleia Legislativa de Minas Gerais (ALMG). Tal ades\u00e3o deveria ocorrer mediante aprova\u00e7\u00e3o do Projeto de Lei 1.202\/2019, cuja tramita\u00e7\u00e3o est\u00e1 parada no Plen\u00e1rio.<\/p>\n<p style=\"text-align: justify;\">Para justificar a decis\u00e3o, Nunes Marques acusa a ALMG de in\u00e9rcia quanto ao problema da d\u00edvida de Minas. Na justificativa, ele defende que o governo d\u00ea seguimento \u00e0s tratativas com o Minist\u00e9rio da Economia, pois teria sido \u201cviolado o federalismo cooperativo (CF, arts. 1\u00ba e 18), ante \u00e0 omiss\u00e3o na promo\u00e7\u00e3o de medidas imprescind\u00edveis \u00e0 recupera\u00e7\u00e3o fiscal\u201d.\u00a0<\/p>\n<p style=\"text-align: justify;\">\u00a0<\/p>\n<p style=\"text-align: justify;\"><strong>Decreto de Zema<\/strong><\/p>\n<p style=\"text-align: justify;\">Aproveitando-se da cobertura de Nunes Marques, na sexta (16), Zema publicou um decreto autorizando a Secretaria Estadual de Fazenda (Sefaz) a renegociar a d\u00edvida de R$147 bilh\u00f5es com a Uni\u00e3o e voltar a discutir com o governo federal os termos de ades\u00e3o ao RRF.\u00a0<\/p>\n<p style=\"text-align: justify;\">Se a ades\u00e3o se concretizar, o Estado de Minas Gerais estar\u00e1 obrigado a cumprir uma s\u00e9rie de exig\u00eancias impostas pelo Regime, como a entrega de empresas estatais para o setor privado, o fim do regime jur\u00eddico dos servidores p\u00fablicos, com a perda de seus direitos e garantias, a ado\u00e7\u00e3o de um teto de gastos estadual e o congelamento de sal\u00e1rios, carreiras e contrata\u00e7\u00f5es por at\u00e9 nove anos.\u00a0<\/p>\n<p style=\"text-align: justify;\">Por\u00e9m, o cumprimento dessas medidas n\u00e3o proporcionar\u00e1, em troca, um perd\u00e3o da d\u00edvida, nem mesmo uma real negocia\u00e7\u00e3o, com revis\u00e3o de cobran\u00e7as indevidas. O pagamento somente ser\u00e1 temporariamente suspenso e, durante a vig\u00eancia do RRF, retomado de maneira crescente, com a cobran\u00e7a de encargos e o valor aumentado, comprometendo futuros governos.<\/p>\n<p style=\"text-align: justify;\">Como a decis\u00e3o liminar ainda pode ser derrubada pelo Pleno do STF, Zema segue apostando na aprova\u00e7\u00e3o do PL 1.202 na Assembleia. No momento, por for\u00e7a de um pedido de urg\u00eancia do governador para esse projeto, a pauta do Plen\u00e1rio est\u00e1 trancada, obstaculizando a tramita\u00e7\u00e3o da data-base dos servidores, entre outras propostas.\u00a0<\/p>\n<p style=\"text-align: justify;\">\u00a0<\/p>\n<p style=\"text-align: justify;\"><strong>Abuso de poder<\/strong><\/p>\n<p style=\"text-align: justify;\">Para o SERJUSMIG, \u00e9 extremamente abusivo que o Executivo estadual e Supremo desconsiderem a ALMG nesta mat\u00e9ria. Caso o estado, de fato, avance na ades\u00e3o ao RRF, fica estabelecido um precedente grave para que outras medidas sejam implementadas, esvaziando o Legislativo estadual de suas atribui\u00e7\u00f5es e do poder que lhe \u00e9 conferido pelo voto popular.\u00a0<\/p>\n<p style=\"text-align: justify;\">Ademais, a insist\u00eancia de Zema na ades\u00e3o ao RRF mostra sua inarred\u00e1vel hostilidade ao servi\u00e7o p\u00fablico e aos servidores e qu\u00e3o danosa foi a recondu\u00e7\u00e3o desse pol\u00edtico ao cargo de governador de Minas. Por isso, \u00e9 fundamental aumentar a press\u00e3o contra o governo e cobrar dos deputados estaduais a derrubada do PL 1.202\/2019 na Assembleia.\u00a0<\/p>\n<p style=\"text-align: justify;\">\u00a0<\/p>\n<p style=\"text-align: justify;\"><em><strong>SERJUSMIG<\/strong><br \/>Unir, Lutar e Vencer!<\/em><\/p>\n<p style=\"text-align: justify;\">\u00a0<\/p>\n<p style=\"text-align: justify;\"><strong>Foto: <\/strong>Senado Federal<\/p>\n<p style=\"text-align: justify;\">\u00a0<\/p>\n<p style=\"text-align: justify;\"><strong><i>Visite nossas redes!<\/i><\/strong><br \/><i><em>O SERJUSMIG est\u00e1 presente tamb\u00e9m nas suas redes sociais. Para receber as informa\u00e7\u00f5es do Sindicato de forma r\u00e1pida e eficiente, siga o\u00a0<\/em><strong>@serjusmig<\/strong><em>\u00a0no\u00a0<a href=\"http:\/\/instragram.com\/serjusmig\">Instagram<\/a>,\u00a0<a href=\"http:\/\/facebook.com\/serjusmig\">Facebook<\/a>\u00a0e\u00a0<a href=\"http:\/\/twitter.com\/serjusmig\">Twitter<\/a>. Se quiser ter mat\u00e9rias di\u00e1rias diretamente no seu Whatsapp, basta salvar o n\u00famero da comunica\u00e7\u00e3o, (31) 99778-3411, e pedir para ser inserido em uma das listas de transmiss\u00e3o.<\/em><\/i><\/p>","protected":false},"excerpt":{"rendered":"<p>n\/a<\/p>\n","protected":false},"author":1,"featured_media":23259,"comment_status":"open","ping_status":"open","sticky":false,"template":"","format":"standard","meta":{"_acf_changed":false,"cybocfi_hide_featured_image":"yes","footnotes":""},"categories":[1],"tags":[],"class_list":["post-10895","post","type-post","status-publish","format-standard","has-post-thumbnail","hentry","category-sem-categoria"],"acf":{"chapeu_post":""},"_links":{"self":[{"href":"https:\/\/br01.clst1804.huntidata.com.br\/~serjusmigorg\/wp-json\/wp\/v2\/posts\/10895","targetHints":{"allow":["GET"]}}],"collection":[{"href":"https:\/\/br01.clst1804.huntidata.com.br\/~serjusmigorg\/wp-json\/wp\/v2\/posts"}],"about":[{"href":"https:\/\/br01.clst1804.huntidata.com.br\/~serjusmigorg\/wp-json\/wp\/v2\/types\/post"}],"author":[{"embeddable":true,"href":"https:\/\/br01.clst1804.huntidata.com.br\/~serjusmigorg\/wp-json\/wp\/v2\/users\/1"}],"replies":[{"embeddable":true,"href":"https:\/\/br01.clst1804.huntidata.com.br\/~serjusmigorg\/wp-json\/wp\/v2\/comments?post=10895"}],"version-history":[{"count":1,"href":"https:\/\/br01.clst1804.huntidata.com.br\/~serjusmigorg\/wp-json\/wp\/v2\/posts\/10895\/revisions"}],"predecessor-version":[{"id":23260,"href":"https:\/\/br01.clst1804.huntidata.com.br\/~serjusmigorg\/wp-json\/wp\/v2\/posts\/10895\/revisions\/23260"}],"wp:featuredmedia":[{"embeddable":true,"href":"https:\/\/br01.clst1804.huntidata.com.br\/~serjusmigorg\/wp-json\/wp\/v2\/media\/23259"}],"wp:attachment":[{"href":"https:\/\/br01.clst1804.huntidata.com.br\/~serjusmigorg\/wp-json\/wp\/v2\/media?parent=10895"}],"wp:term":[{"taxonomy":"category","embeddable":true,"href":"https:\/\/br01.clst1804.huntidata.com.br\/~serjusmigorg\/wp-json\/wp\/v2\/categories?post=10895"},{"taxonomy":"post_tag","embeddable":true,"href":"https:\/\/br01.clst1804.huntidata.com.br\/~serjusmigorg\/wp-json\/wp\/v2\/tags?post=10895"}],"curies":[{"name":"wp","href":"https:\/\/api.w.org\/{rel}","templated":true}]}}