{"id":10900,"date":"2022-12-21T14:06:00","date_gmt":"2022-12-21T14:06:00","guid":{"rendered":"https:\/\/pecorari-cloudbr722.pecoraricloud.com.br\/~serjusmigorg\/servidora-com-deficiencia-tem-direito-a-jornada-especial-de-trabalho-no-tjmg\/"},"modified":"2026-08-06T22:53:02","modified_gmt":"2026-08-07T01:53:02","slug":"servidora-com-deficiencia-tem-direito-a-jornada-especial-de-trabalho-no-tjmg","status":"publish","type":"post","link":"https:\/\/br01.clst1804.huntidata.com.br\/~serjusmigorg\/servidora-com-deficiencia-tem-direito-a-jornada-especial-de-trabalho-no-tjmg\/","title":{"rendered":"Servidora com defici\u00eancia tem direito a jornada especial de trabalho no TJMG"},"content":{"rendered":"\n<figure class=\"wp-block-image size-full\"><img fetchpriority=\"high\" decoding=\"async\" width=\"570\" height=\"380\" src=\"https:\/\/br01.clst1804.huntidata.com.br\/~serjusmigorg\/wp-content\/uploads\/2022\/12\/663d246d807936632c242acea35fd755cdbbfdbe.jpg\" alt=\"\" class=\"wp-image-23243\" srcset=\"https:\/\/br01.clst1804.huntidata.com.br\/~serjusmigorg\/wp-content\/uploads\/2022\/12\/663d246d807936632c242acea35fd755cdbbfdbe.jpg 570w, https:\/\/br01.clst1804.huntidata.com.br\/~serjusmigorg\/wp-content\/uploads\/2022\/12\/663d246d807936632c242acea35fd755cdbbfdbe-300x200.jpg 300w, https:\/\/br01.clst1804.huntidata.com.br\/~serjusmigorg\/wp-content\/uploads\/2022\/12\/663d246d807936632c242acea35fd755cdbbfdbe-370x247.jpg 370w\" sizes=\"(max-width: 600px) 100vw, 570px\" \/><\/figure>\n\n\n<p>&nbsp;<\/p>\n<p style=\"text-align: justify;\">O Tribunal de Justi\u00e7a de Minas Gerais ter\u00e1 de reanalisar pedido feito por uma servidora com m\u00faltiplas defici\u00eancias para ter direito a uma jornada especial de trabalho. A decis\u00e3o foi aprovada por unanimidade pelo Conselho Nacional de Justi\u00e7a na 117\u00aa Sess\u00e3o Virtual, encerrada na \u00faltima sexta-feira (16\/12).<\/p>\n<p style=\"text-align: justify;\">A Justi\u00e7a mineira havia negado pedido anterior feito pela funcion\u00e1ria, que buscava reduzir de seis para quatro horas a sua jornada di\u00e1ria, com base na Resolu\u00e7\u00e3o CNJ 343.<\/p>\n<p style=\"text-align: justify;\">Leia <a href=\"https:\/\/www.conjur.com.br\/2022-dez-20\/servidora-deficiencia-direito-jornada-especial-tj-mg\">mat\u00e9ria completa do Portal Consultor Jur\u00eddico<\/a>.\u00a0<\/p>\n<p style=\"text-align: justify;\">\u00a0<\/p>\n<p style=\"text-align: justify;\"><em>Foto: Mirna de Moura\/TJMG<\/em><\/p>","protected":false},"excerpt":{"rendered":"<p>n\/a<\/p>\n","protected":false},"author":1,"featured_media":23243,"comment_status":"open","ping_status":"open","sticky":false,"template":"","format":"standard","meta":{"_acf_changed":false,"cybocfi_hide_featured_image":"yes","footnotes":""},"categories":[1],"tags":[],"class_list":["post-10900","post","type-post","status-publish","format-standard","has-post-thumbnail","hentry","category-sem-categoria"],"acf":{"chapeu_post":""},"_links":{"self":[{"href":"https:\/\/br01.clst1804.huntidata.com.br\/~serjusmigorg\/wp-json\/wp\/v2\/posts\/10900","targetHints":{"allow":["GET"]}}],"collection":[{"href":"https:\/\/br01.clst1804.huntidata.com.br\/~serjusmigorg\/wp-json\/wp\/v2\/posts"}],"about":[{"href":"https:\/\/br01.clst1804.huntidata.com.br\/~serjusmigorg\/wp-json\/wp\/v2\/types\/post"}],"author":[{"embeddable":true,"href":"https:\/\/br01.clst1804.huntidata.com.br\/~serjusmigorg\/wp-json\/wp\/v2\/users\/1"}],"replies":[{"embeddable":true,"href":"https:\/\/br01.clst1804.huntidata.com.br\/~serjusmigorg\/wp-json\/wp\/v2\/comments?post=10900"}],"version-history":[{"count":1,"href":"https:\/\/br01.clst1804.huntidata.com.br\/~serjusmigorg\/wp-json\/wp\/v2\/posts\/10900\/revisions"}],"predecessor-version":[{"id":23244,"href":"https:\/\/br01.clst1804.huntidata.com.br\/~serjusmigorg\/wp-json\/wp\/v2\/posts\/10900\/revisions\/23244"}],"wp:featuredmedia":[{"embeddable":true,"href":"https:\/\/br01.clst1804.huntidata.com.br\/~serjusmigorg\/wp-json\/wp\/v2\/media\/23243"}],"wp:attachment":[{"href":"https:\/\/br01.clst1804.huntidata.com.br\/~serjusmigorg\/wp-json\/wp\/v2\/media?parent=10900"}],"wp:term":[{"taxonomy":"category","embeddable":true,"href":"https:\/\/br01.clst1804.huntidata.com.br\/~serjusmigorg\/wp-json\/wp\/v2\/categories?post=10900"},{"taxonomy":"post_tag","embeddable":true,"href":"https:\/\/br01.clst1804.huntidata.com.br\/~serjusmigorg\/wp-json\/wp\/v2\/tags?post=10900"}],"curies":[{"name":"wp","href":"https:\/\/api.w.org\/{rel}","templated":true}]}}