{"id":10963,"date":"2023-03-14T18:36:00","date_gmt":"2023-03-14T18:36:00","guid":{"rendered":"https:\/\/pecorari-cloudbr722.pecoraricloud.com.br\/~serjusmigorg\/reuniao-extraordinaria-com-tjmg-apresenta-andamento-de-algumas-demandas-dos-servidores\/"},"modified":"2026-08-09T12:28:11","modified_gmt":"2026-08-09T15:28:11","slug":"reuniao-extraordinaria-com-tjmg-apresenta-andamento-de-algumas-demandas-dos-servidores","status":"publish","type":"post","link":"https:\/\/br01.clst1804.huntidata.com.br\/~serjusmigorg\/reuniao-extraordinaria-com-tjmg-apresenta-andamento-de-algumas-demandas-dos-servidores\/","title":{"rendered":"Reuni\u00e3o extraordin\u00e1ria com TJMG apresenta andamento de algumas demandas dos servidores"},"content":{"rendered":"\n<figure class=\"wp-block-image size-large\"><img fetchpriority=\"high\" decoding=\"async\" width=\"1024\" height=\"576\" src=\"https:\/\/br01.clst1804.huntidata.com.br\/~serjusmigorg\/wp-content\/uploads\/2023\/03\/f757439efcbc516b46374932b63652acc24653f0-1024x576.jpg\" alt=\"\" class=\"wp-image-23420\" srcset=\"https:\/\/br01.clst1804.huntidata.com.br\/~serjusmigorg\/wp-content\/uploads\/2023\/03\/f757439efcbc516b46374932b63652acc24653f0-1024x576.jpg 1024w, https:\/\/br01.clst1804.huntidata.com.br\/~serjusmigorg\/wp-content\/uploads\/2023\/03\/f757439efcbc516b46374932b63652acc24653f0-300x169.jpg 300w, https:\/\/br01.clst1804.huntidata.com.br\/~serjusmigorg\/wp-content\/uploads\/2023\/03\/f757439efcbc516b46374932b63652acc24653f0-768x432.jpg 768w, https:\/\/br01.clst1804.huntidata.com.br\/~serjusmigorg\/wp-content\/uploads\/2023\/03\/f757439efcbc516b46374932b63652acc24653f0-1536x864.jpg 1536w, https:\/\/br01.clst1804.huntidata.com.br\/~serjusmigorg\/wp-content\/uploads\/2023\/03\/f757439efcbc516b46374932b63652acc24653f0-370x208.jpg 370w, https:\/\/br01.clst1804.huntidata.com.br\/~serjusmigorg\/wp-content\/uploads\/2023\/03\/f757439efcbc516b46374932b63652acc24653f0-1290x726.jpg 1290w, https:\/\/br01.clst1804.huntidata.com.br\/~serjusmigorg\/wp-content\/uploads\/2023\/03\/f757439efcbc516b46374932b63652acc24653f0-1080x608.jpg 1080w, https:\/\/br01.clst1804.huntidata.com.br\/~serjusmigorg\/wp-content\/uploads\/2023\/03\/f757439efcbc516b46374932b63652acc24653f0-865x487.jpg 865w, https:\/\/br01.clst1804.huntidata.com.br\/~serjusmigorg\/wp-content\/uploads\/2023\/03\/f757439efcbc516b46374932b63652acc24653f0-642x361.jpg 642w, https:\/\/br01.clst1804.huntidata.com.br\/~serjusmigorg\/wp-content\/uploads\/2023\/03\/f757439efcbc516b46374932b63652acc24653f0-270x152.jpg 270w, https:\/\/br01.clst1804.huntidata.com.br\/~serjusmigorg\/wp-content\/uploads\/2023\/03\/f757439efcbc516b46374932b63652acc24653f0.jpg 1600w\" sizes=\"(max-width: 1024px) 100vw, 1024px\" \/><\/figure>\n\n\n<p>&nbsp;<\/p>\n<p style=\"text-align: justify;\">Os Sindicatos do Poder Judici\u00e1rio foram convocados para reuni\u00e3o extraordin\u00e1ria da Mesa de Negocia\u00e7\u00f5es com a Administra\u00e7\u00e3o do Tribunal de Justi\u00e7a de Minas Gerais (TJMG). A reuni\u00e3o ocorreu na tarde desta ter\u00e7a-feira (14), com o objetivo de anunciar andamentos de alguns itens da pauta de reivindica\u00e7\u00f5es da categoria.\u00a0<\/p>\n<p style=\"text-align: justify;\">Em s\u00edntese, foram anunciadas a aprova\u00e7\u00e3o, pela Comiss\u00e3o Administrativa do Tribunal, da recontagem do tempo para aquisi\u00e7\u00e3o das vantagens pessoais (quinqu\u00eanio, trinten\u00e1rio e f\u00e9rias-pr\u00eamio), suspenso pela Lei Complementar (LC) 173\/2020, bem como foi confirmada a \u00a0sess\u00e3o do dia 22\/3 do \u00d3rg\u00e3o Especial, em que tal parecer favor\u00e1vel \u00e0 recontagem de tempo estar\u00e1 em pauta. Al\u00e9m disso, foi anunciado o pagamento extraordin\u00e1rio da indeniza\u00e7\u00e3o de at\u00e9 15 dias do plant\u00e3o judicial de HC, no dia 24\/3, em folha suplementar. Por fim, o Tribunal ainda se comprometeu a levar para a pr\u00f3xima reuni\u00e3o ordin\u00e1ria da Mesa de Negocia\u00e7\u00e3o, a se realizar dia 27\/3, o resultado da Promo\u00e7\u00e3o Vertical (PV) 2021 e trazer uma resposta sobre a quita\u00e7\u00e3o do passivo do imposto de renda sobre URV.<\/p>\n<p style=\"text-align: justify;\">\u00a0<\/p>\n<p style=\"text-align: justify;\"><strong>Contagem do tempo para quinqu\u00eanio, trinten\u00e1rio e f\u00e9rias-pr\u00eamio \u2013 LC 173\/2020<\/strong><\/p>\n<p style=\"text-align: justify;\">A Comiss\u00e3o Administrativa do TJMG aprovou, no dia 13\/03, o parecer que restaura a contagem de tempo dos Servidores para fins de aquisi\u00e7\u00e3o de trinten\u00e1rio, quinqu\u00eanio e f\u00e9rias-pr\u00eamio. Essa contagem havia sido paralisada no per\u00edodo de 28 de maio de 2020 a 31 de dezembro de 2021, devido \u00e0 vig\u00eancia da Lei Complementar (LC) 173\/2020.<\/p>\n<p style=\"text-align: justify;\">O parecer aprovado administrativamente considera a retomada da contagem de tempo, com efeitos financeiros a partir de 1\u00ba de janeiro de 2022. Essa medida retroativa visa a reparar os preju\u00edzos impostos aos servidores durante o per\u00edodo da pandemia, diante do congelamento de seus direitos pela lei complementar federal. Ap\u00f3s a aprova\u00e7\u00e3o do TJMG, tais direitos poder\u00e3o ser retomados.<\/p>\n<p style=\"text-align: justify;\">Durante a reuni\u00e3o, foi confirmada a inclus\u00e3o desse tema na sess\u00e3o ordin\u00e1ria do \u00d3rg\u00e3o Especial do dia 22 de mar\u00e7o, ocasi\u00e3o em que os efeitos da LC 173\/2020 ser\u00e3o apreciados em definitivo. Com essa confirma\u00e7\u00e3o, os tr\u00eas Sindicatos esperam a efetiva\u00e7\u00e3o dos direitos e os pagamentos aguardados pelas categorias, t\u00e3o logo vencida essa etapa no \u00d3rg\u00e3o Especial. \u00a0<\/p>\n<p style=\"text-align: justify;\">\u00a0<\/p>\n<p style=\"text-align: justify;\"><strong>Indeniza\u00e7\u00e3o de Plant\u00e3o<\/strong><\/p>\n<p style=\"text-align: justify;\">Avan\u00e7os referente \u00e0 indeniza\u00e7\u00e3o do plant\u00e3o judicial foram anunciados. Para Servidores que fizeram a solicita\u00e7\u00e3o e tiveram o requerimento de gozo indeferido at\u00e9 esta ter\u00e7a-feira \u00a0(14\/03\/2023), ser\u00e1 disponibilizado o pagamento de at\u00e9 15 dias, no dia 24\/03, em folha extraordi\u00e1ria, sendo mantido para primeiro dia \u00fatil de abril o pagamento para aqueles que, ap\u00f3s este pagamento extraordin\u00e1rio, ainda possuam saldo de at\u00e9 10 dias.<\/p>\n<p style=\"text-align: justify;\">\u00a0<\/p>\n<p style=\"text-align: justify;\"><strong>Edital de remo\u00e7\u00e3o<\/strong><\/p>\n<p style=\"text-align: justify;\">Na oportunidade, tamb\u00e9m foi ratificada pelos Sindicatos a import\u00e2ncia da periodicidade de publica\u00e7\u00f5es dos editais de remo\u00e7\u00e3o. Esta medida tem fundamental relev\u00e2ncia para os Servidores, pois torna poss\u00edvel a previsibilidade do processo, oferecendo, portanto seguran\u00e7a aos servidores que pretendem mudar de comarca.<\/p>\n<p style=\"text-align: justify;\">A Administra\u00e7\u00e3o do Tribunal j\u00e1 iniciou os estudos para dar andamento ao pr\u00f3ximo edital. Entretanto, foi alegada a dificuldade de realizar a transfer\u00eancia da for\u00e7a de trabalho nas comarcas. Para solucionar este problema, regras referentes ao quantitativo m\u00ednimo da comarca, a fim de n\u00e3o prejudicar a presta\u00e7\u00e3o jurisdicional, est\u00e3o sendo pensadas.<\/p>\n<p style=\"text-align: justify;\">\u00a0<\/p>\n<p style=\"text-align: justify;\"><strong>Verba Indenizat\u00f3ria de Transporte<\/strong><\/p>\n<p style=\"text-align: justify;\">Por fim, tamb\u00e9m houve avan\u00e7os em rela\u00e7\u00e3o \u00e0s verbas indenizat\u00f3rias pagas aos oficiais de justi\u00e7a, comiss\u00e1rios da inf\u00e2ncia e juventude, assistentes sociais e psic\u00f3logos, por ocasi\u00e3o do cumprimento de dilig\u00eancias. Durante a reuni\u00e3o da Mesa de Negocia\u00e7\u00f5es, a Administra\u00e7\u00e3o informou que o pedido de reajuste da verba indenizat\u00f3ria de transporte j\u00e1 est\u00e1 tramitando na Diretoria Executiva de Finan\u00e7as e Execu\u00e7\u00e3o Or\u00e7ament\u00e1ria (DIRFIN) e na Secretaria de Suporte ao Planejamento e \u00e0 Gest\u00e3o da Primeira Inst\u00e2ncia (SEPLAN), com o objetivo de avaliar a possibilidade de majora\u00e7\u00e3o do valor atual.<\/p>\n<p style=\"text-align: justify;\">\u00a0<\/p>\n<p style=\"text-align: justify;\"><strong>Mesa de Negocia\u00e7\u00f5es<\/strong><\/p>\n<p style=\"text-align: justify;\">Nesta reuni\u00e3o extraordin\u00e1ria, estiveram presentes o secret\u00e1rio de Governan\u00e7a e Gest\u00e3o Estrat\u00e9gica do TJMG, Guilherme Augusto Mendes do Valle, e o assessor especial da Presid\u00eancia, Renato Cardoso Soares. Pelas entidades sindicais, participaram o diretor de Finan\u00e7as do SINJUS, Felipe Rodrigues, o 1\u00ba vice-presidente do SERJUSMIG, Rui Viana, o diretor financeiro do SERJUSMIG, Willer Ferreira,\u00a0e o diretor-geral do SINDOJUS\/MG, Eduardo Rocha. <strong>A pr\u00f3xima reuni\u00e3o ordin\u00e1ria est\u00e1 marcada para o dia 27\/03.<\/strong><\/p>\n<p style=\"text-align: justify;\">\u00a0<\/p>\n<p style=\"text-align: justify;\"><em><strong>SERJUSMIG<\/strong><br \/>Unir, Lutar e Vencer<\/em><\/p>","protected":false},"excerpt":{"rendered":"<p>n\/a<\/p>\n","protected":false},"author":1,"featured_media":23420,"comment_status":"open","ping_status":"open","sticky":false,"template":"","format":"standard","meta":{"_acf_changed":false,"cybocfi_hide_featured_image":"yes","footnotes":""},"categories":[1],"tags":[],"class_list":["post-10963","post","type-post","status-publish","format-standard","has-post-thumbnail","hentry","category-sem-categoria"],"acf":{"chapeu_post":""},"_links":{"self":[{"href":"https:\/\/br01.clst1804.huntidata.com.br\/~serjusmigorg\/wp-json\/wp\/v2\/posts\/10963","targetHints":{"allow":["GET"]}}],"collection":[{"href":"https:\/\/br01.clst1804.huntidata.com.br\/~serjusmigorg\/wp-json\/wp\/v2\/posts"}],"about":[{"href":"https:\/\/br01.clst1804.huntidata.com.br\/~serjusmigorg\/wp-json\/wp\/v2\/types\/post"}],"author":[{"embeddable":true,"href":"https:\/\/br01.clst1804.huntidata.com.br\/~serjusmigorg\/wp-json\/wp\/v2\/users\/1"}],"replies":[{"embeddable":true,"href":"https:\/\/br01.clst1804.huntidata.com.br\/~serjusmigorg\/wp-json\/wp\/v2\/comments?post=10963"}],"version-history":[{"count":1,"href":"https:\/\/br01.clst1804.huntidata.com.br\/~serjusmigorg\/wp-json\/wp\/v2\/posts\/10963\/revisions"}],"predecessor-version":[{"id":23421,"href":"https:\/\/br01.clst1804.huntidata.com.br\/~serjusmigorg\/wp-json\/wp\/v2\/posts\/10963\/revisions\/23421"}],"wp:featuredmedia":[{"embeddable":true,"href":"https:\/\/br01.clst1804.huntidata.com.br\/~serjusmigorg\/wp-json\/wp\/v2\/media\/23420"}],"wp:attachment":[{"href":"https:\/\/br01.clst1804.huntidata.com.br\/~serjusmigorg\/wp-json\/wp\/v2\/media?parent=10963"}],"wp:term":[{"taxonomy":"category","embeddable":true,"href":"https:\/\/br01.clst1804.huntidata.com.br\/~serjusmigorg\/wp-json\/wp\/v2\/categories?post=10963"},{"taxonomy":"post_tag","embeddable":true,"href":"https:\/\/br01.clst1804.huntidata.com.br\/~serjusmigorg\/wp-json\/wp\/v2\/tags?post=10963"}],"curies":[{"name":"wp","href":"https:\/\/api.w.org\/{rel}","templated":true}]}}