{"id":10964,"date":"2023-03-15T14:48:00","date_gmt":"2023-03-15T14:48:00","guid":{"rendered":"https:\/\/pecorari-cloudbr722.pecoraricloud.com.br\/~serjusmigorg\/ii-encontro-norte-e-nordeste-vai-debater-a-reconstrucao-da-democracia-participativa-no-brasil\/"},"modified":"2026-08-09T12:27:21","modified_gmt":"2026-08-09T15:27:21","slug":"ii-encontro-norte-e-nordeste-vai-debater-a-reconstrucao-da-democracia-participativa-no-brasil","status":"publish","type":"post","link":"https:\/\/br01.clst1804.huntidata.com.br\/~serjusmigorg\/ii-encontro-norte-e-nordeste-vai-debater-a-reconstrucao-da-democracia-participativa-no-brasil\/","title":{"rendered":"II Encontro Norte e Nordeste vai debater a reconstru\u00e7\u00e3o da democracia participativa no Brasil"},"content":{"rendered":"\n<figure class=\"wp-block-image size-full\"><img fetchpriority=\"high\" decoding=\"async\" width=\"702\" height=\"459\" src=\"https:\/\/br01.clst1804.huntidata.com.br\/~serjusmigorg\/wp-content\/uploads\/2023\/03\/7d73007896f751174d6ff702a2ed27c52c8db9c4.jpg\" alt=\"\" class=\"wp-image-23418\" srcset=\"https:\/\/br01.clst1804.huntidata.com.br\/~serjusmigorg\/wp-content\/uploads\/2023\/03\/7d73007896f751174d6ff702a2ed27c52c8db9c4.jpg 702w, https:\/\/br01.clst1804.huntidata.com.br\/~serjusmigorg\/wp-content\/uploads\/2023\/03\/7d73007896f751174d6ff702a2ed27c52c8db9c4-300x196.jpg 300w, https:\/\/br01.clst1804.huntidata.com.br\/~serjusmigorg\/wp-content\/uploads\/2023\/03\/7d73007896f751174d6ff702a2ed27c52c8db9c4-370x242.jpg 370w, https:\/\/br01.clst1804.huntidata.com.br\/~serjusmigorg\/wp-content\/uploads\/2023\/03\/7d73007896f751174d6ff702a2ed27c52c8db9c4-642x420.jpg 642w, https:\/\/br01.clst1804.huntidata.com.br\/~serjusmigorg\/wp-content\/uploads\/2023\/03\/7d73007896f751174d6ff702a2ed27c52c8db9c4-344x225.jpg 344w\" sizes=\"(max-width: 702px) 100vw, 702px\" \/><\/figure>\n\n\n<p>&nbsp;<\/p>\n<p style=\"text-align: justify;\"><em><strong>Atividade acontecer\u00e1 no dia 20 de maio, no Hotel Monte Pascoal, em Salvador (BA), posteriormente ao Encontro de Negras e Negros da Fenajud.<\/strong><\/em><\/p>\n<p style=\"text-align: justify;\">Pela segunda vez a Fenajud \u2013 Federa\u00e7\u00e3o Nacional dos Trabalhadores do Judici\u00e1rio nos Estados far\u00e1 o Encontro Norte e Nordeste de forma unificada. Desta vez, a atividade vai acontecer em Salvador, no estado da Bahia, no dia 20 de maio. O objetivo da atividade \u00e9 promover um debate qualificado sobre a Reconstru\u00e7\u00e3o da Democracia participativa no Brasil. As inscri\u00e7\u00f5es s\u00e3o gratuitas.<\/p>\n<p style=\"text-align: justify;\">A expectativa da entidade \u00e9 reunir o maior n\u00famero poss\u00edvel de dirigentes sindicais das entidades afiliadas, de diferentes estados, das duas regi\u00f5es. O Encontro acontece um dia ap\u00f3s o I Encontro de Negras e Negros da Federa\u00e7\u00e3o, que tamb\u00e9m ocorre no mesmo local.<\/p>\n<p style=\"text-align: justify;\">Entre os temas a serem debatidos na atividade est\u00e3o: \u201cComo o Movimento Sindical pode contribuir para a defesa de direitos das minorias sociais\u201d e \u201cRacismo a Brasileira: rastros do conservadorismo e a pol\u00edtica do recome\u00e7o\u201d.<\/p>\n<p style=\"text-align: justify;\">\u00a0<\/p>\n<p style=\"text-align: justify;\"><strong>Mais informa\u00e7\u00f5es<\/strong><\/p>\n<p style=\"text-align: justify;\"><strong>Local:<\/strong>\u00a0Hotel Monte Pascoal, em Salvador (BA)<br \/><strong>Data:<\/strong>\u00a020 de maio de 2023<br \/><strong>Hor\u00e1rio:<\/strong>\u00a09h \u00e0s 17h30<br \/><strong>Obs.:<\/strong>\u00a0Conforme prev\u00ea o Estatuto da Fenajud, os custos com alimenta\u00e7\u00e3o, hospedagem e translado s\u00e3o de responsabilidades dos sindicatos de base.<\/p>\n<p style=\"text-align: justify;\">\u00a0<\/p>\n<p style=\"text-align: justify;\"><strong>Fonte:\u00a0<\/strong><a href=\"https:\/\/fenajud.org.br\/?p=13723\">Fenajud<\/a><\/p>","protected":false},"excerpt":{"rendered":"<p>n\/a<\/p>\n","protected":false},"author":1,"featured_media":23418,"comment_status":"open","ping_status":"open","sticky":false,"template":"","format":"standard","meta":{"_acf_changed":false,"cybocfi_hide_featured_image":"yes","footnotes":""},"categories":[1],"tags":[],"class_list":["post-10964","post","type-post","status-publish","format-standard","has-post-thumbnail","hentry","category-sem-categoria"],"acf":{"chapeu_post":""},"_links":{"self":[{"href":"https:\/\/br01.clst1804.huntidata.com.br\/~serjusmigorg\/wp-json\/wp\/v2\/posts\/10964","targetHints":{"allow":["GET"]}}],"collection":[{"href":"https:\/\/br01.clst1804.huntidata.com.br\/~serjusmigorg\/wp-json\/wp\/v2\/posts"}],"about":[{"href":"https:\/\/br01.clst1804.huntidata.com.br\/~serjusmigorg\/wp-json\/wp\/v2\/types\/post"}],"author":[{"embeddable":true,"href":"https:\/\/br01.clst1804.huntidata.com.br\/~serjusmigorg\/wp-json\/wp\/v2\/users\/1"}],"replies":[{"embeddable":true,"href":"https:\/\/br01.clst1804.huntidata.com.br\/~serjusmigorg\/wp-json\/wp\/v2\/comments?post=10964"}],"version-history":[{"count":1,"href":"https:\/\/br01.clst1804.huntidata.com.br\/~serjusmigorg\/wp-json\/wp\/v2\/posts\/10964\/revisions"}],"predecessor-version":[{"id":23419,"href":"https:\/\/br01.clst1804.huntidata.com.br\/~serjusmigorg\/wp-json\/wp\/v2\/posts\/10964\/revisions\/23419"}],"wp:featuredmedia":[{"embeddable":true,"href":"https:\/\/br01.clst1804.huntidata.com.br\/~serjusmigorg\/wp-json\/wp\/v2\/media\/23418"}],"wp:attachment":[{"href":"https:\/\/br01.clst1804.huntidata.com.br\/~serjusmigorg\/wp-json\/wp\/v2\/media?parent=10964"}],"wp:term":[{"taxonomy":"category","embeddable":true,"href":"https:\/\/br01.clst1804.huntidata.com.br\/~serjusmigorg\/wp-json\/wp\/v2\/categories?post=10964"},{"taxonomy":"post_tag","embeddable":true,"href":"https:\/\/br01.clst1804.huntidata.com.br\/~serjusmigorg\/wp-json\/wp\/v2\/tags?post=10964"}],"curies":[{"name":"wp","href":"https:\/\/api.w.org\/{rel}","templated":true}]}}