{"id":10966,"date":"2023-03-16T15:16:00","date_gmt":"2023-03-16T15:16:00","guid":{"rendered":"https:\/\/pecorari-cloudbr722.pecoraricloud.com.br\/~serjusmigorg\/serjusmig-esta-presente-em-100-das-comarcas-298-visita-foi-em-pedro-leopoldo\/"},"modified":"2026-08-09T12:25:49","modified_gmt":"2026-08-09T15:25:49","slug":"serjusmig-esta-presente-em-100-das-comarcas-298-visita-foi-em-pedro-leopoldo","status":"publish","type":"post","link":"https:\/\/br01.clst1804.huntidata.com.br\/~serjusmigorg\/serjusmig-esta-presente-em-100-das-comarcas-298-visita-foi-em-pedro-leopoldo\/","title":{"rendered":"SERJUSMIG est\u00e1 presente em 100% das comarcas; 298\u00aa visita foi em Pedro Leopoldo"},"content":{"rendered":"\n<figure class=\"wp-block-image size-large\"><img fetchpriority=\"high\" decoding=\"async\" width=\"1024\" height=\"788\" src=\"https:\/\/br01.clst1804.huntidata.com.br\/~serjusmigorg\/wp-content\/uploads\/2023\/03\/b0fe503fe620294ee17cd4097c58b41fc7dbe304-1024x788.jpg\" alt=\"\" class=\"wp-image-23414\" srcset=\"https:\/\/br01.clst1804.huntidata.com.br\/~serjusmigorg\/wp-content\/uploads\/2023\/03\/b0fe503fe620294ee17cd4097c58b41fc7dbe304-1024x788.jpg 1024w, https:\/\/br01.clst1804.huntidata.com.br\/~serjusmigorg\/wp-content\/uploads\/2023\/03\/b0fe503fe620294ee17cd4097c58b41fc7dbe304-300x231.jpg 300w, https:\/\/br01.clst1804.huntidata.com.br\/~serjusmigorg\/wp-content\/uploads\/2023\/03\/b0fe503fe620294ee17cd4097c58b41fc7dbe304-768x591.jpg 768w, https:\/\/br01.clst1804.huntidata.com.br\/~serjusmigorg\/wp-content\/uploads\/2023\/03\/b0fe503fe620294ee17cd4097c58b41fc7dbe304-370x285.jpg 370w, https:\/\/br01.clst1804.huntidata.com.br\/~serjusmigorg\/wp-content\/uploads\/2023\/03\/b0fe503fe620294ee17cd4097c58b41fc7dbe304-1080x831.jpg 1080w, https:\/\/br01.clst1804.huntidata.com.br\/~serjusmigorg\/wp-content\/uploads\/2023\/03\/b0fe503fe620294ee17cd4097c58b41fc7dbe304-865x665.jpg 865w, https:\/\/br01.clst1804.huntidata.com.br\/~serjusmigorg\/wp-content\/uploads\/2023\/03\/b0fe503fe620294ee17cd4097c58b41fc7dbe304-642x494.jpg 642w, https:\/\/br01.clst1804.huntidata.com.br\/~serjusmigorg\/wp-content\/uploads\/2023\/03\/b0fe503fe620294ee17cd4097c58b41fc7dbe304.jpg 1201w\" sizes=\"(max-width: 1024px) 100vw, 1024px\" \/><\/figure>\n\n\n<p>&nbsp;<\/p>\n<p style=\"text-align: justify;\">Foi com milhares de quil\u00f4metros rodados, amplia\u00e7\u00e3o do n\u00famero de filiados em aproximadamente 700 servidores e servidoras e todas as 298 comarcas visitadas que a gest\u00e3o \u201cCompromisso e Luta\u201d marcou o fim do seu primeiro ano de mandato, no dia 11 de mar\u00e7o. A data coincidiu com a semana de anivers\u00e1rio de 33 anos do SERJUSMIG, celebrado no dia 08.<\/p>\n<p style=\"text-align: justify;\">O encerramento da rodada de visitas, com a presen\u00e7a do Sindicato em todas as comarcas mineiras, foi o ponto alto das comemora\u00e7\u00f5es. A visita de n\u00famero 298 aconteceu na comarca de Pedro Leopoldo, na regi\u00e3o metropolitana de Belo Horizonte.<\/p>\n<p style=\"text-align: justify;\">\u201cEssa vinda \u00e9 muito importante. Apesar de termos acesso ao Sindicato pelo site, redes e o atendimento \u2013 que s\u00e3o sempre muito bons, estar com os diretores e poder conhecer melhor a luta que \u00e9 feita fortalece todos n\u00f3s. Tenho muita honra de participar de um sindicato t\u00e3o forte\u201d, declarou Juliano Ribeiro, servidor em Pedro Leopoldo e membro do Conselho Fiscal do SERJUSMIG.<\/p>\n<p style=\"text-align: justify;\">Estiveram presentes o presidente do Sindicato, Eduardo Couto, os vice-presidentes Rui Viana, Ronaldo Ribeiro Jr. e Felipe Galego, o Diretor Financeiro, Willer Luciano Ferreira, e a Diretora Social, Ana Maria Bertelli, al\u00e9m dos assessores Franklin Almeida e Felippe Gomes.<\/p>\n<p style=\"text-align: justify;\">A visita \u00e0 comarca ocorreu como em todas as anteriores: um bate-papo entre colegas, apresenta\u00e7\u00e3o das a\u00e7\u00f5es e resultados da luta do SERJUSMIG e conversas sobre os ataques aos servidores.<\/p>\n<p style=\"text-align: justify;\">Foi apresentado o hist\u00f3rico das a\u00e7\u00f5es pela aprova\u00e7\u00e3o da lei da data-base 2022, desde o in\u00edcio do ano passado. \u201cFoi uma luta gigantesca. Durante o per\u00edodo de recesso, o SERJUSMIG estava l\u00e1 na Assembleia fazendo press\u00e3o pela aprova\u00e7\u00e3o do projeto, o que ocorreu dentro do ano de refer\u00eancia da recomposi\u00e7\u00e3o. E conquistamos com um bom \u00edndice (12,13%)\u201d, lembrou Eduardo.<\/p>\n<p style=\"text-align: justify;\">Os diretores presentes listaram as in\u00fameras conquistas do per\u00edodo, como a corre\u00e7\u00e3o da injusti\u00e7a aos trabalhadores ocupantes dos cargos comissionados, a retirada das travas dos aux\u00edlios sa\u00fade e transporte, a realiza\u00e7\u00e3o de concursos e editais de remo\u00e7\u00e3o, indeniza\u00e7\u00e3o de f\u00e9rias-pr\u00eamio no ato da aposentadoria, decis\u00e3o do TCE\/MG pela devolu\u00e7\u00e3o da contagem do tempo congelado pela LC 173\/2020, dentre outras. A diretoria refor\u00e7ou a necessidade de pautar o or\u00e7amento deste ano para que, no pr\u00f3ximo, haja ainda mais conquistas.<\/p>\n<p style=\"text-align: justify;\">Muitos associados aproveitaram o momento para tirar d\u00favidas sobre os direitos, conjuntura pol\u00edtica e at\u00e9 mesmo fazer sugest\u00f5es e solicita\u00e7\u00f5es. \u201cSer\u00e1 que voc\u00eas conseguem ver a quest\u00e3o de seguran\u00e7a nos f\u00f3runs? Aqui, a gente tem que abrir o pr\u00e9dio, ficamos sozinhos fazendo o expediente. J\u00e1 entrou gente aqui, pelo 3\u00ba andar. Nos preocupamos\u201d, desabafa a servidora Elisabete Aparecida Queiroz Muradas, Gerente de Secretaria do Juizado Especial. A demanda est\u00e1 sendo encaminhada pela diretoria.<\/p>\n<p style=\"text-align: justify;\">Quando a nova gest\u00e3o assumiu o sindicato, h\u00e1 um ano, havia aproximadamente 10.900 filiados ao SERJUSMIG. Hoje, j\u00e1 s\u00e3o mais de 11.600 em todo o estado, com um saldo de cerca de 700 novas filia\u00e7\u00f5es.\u00a0<\/p>\n<p style=\"text-align: justify;\">\u201cQuando os servidores se sentem representados, veem no SERJUSMIG um instrumento de luta, combativo e que traz resultados. As filia\u00e7\u00f5es v\u00eam quase naturalmente&#8221;, comemora Eduardo. \u00a0<\/p>\n<p style=\"text-align: justify;\">\u00a0<\/p>\n<p style=\"text-align: center;\"><iframe style=\"border: none; overflow: hidden;\" src=\"https:\/\/www.facebook.com\/plugins\/post.php?href=https%3A%2F%2Fwww.facebook.com%2Fserjusmig%2Fposts%2Fpfbid0x7b7X57kYMEM6UHR4TLWqK4LgvzqGvxgTvpSMYwzYb44Trxqcs96GN9pEgoco4WHl&amp;show_text=true&amp;width=500\" width=\"500\" height=\"651\" frameborder=\"0\" scrolling=\"no\" allowfullscreen=\"allowfullscreen\"><\/iframe><\/p>\n<p style=\"text-align: justify;\">\u00a0<\/p>\n<p style=\"text-align: justify;\"><strong>A comarca mais nova de Minas j\u00e1 \u00e9 100% SERJUSMIG<\/strong><\/p>\n<p style=\"text-align: justify;\">A pen\u00faltima visita, na quinta (9), ocorreu na mais recente comarca instalada no estado: Juatuba, tamb\u00e9m localizada na Regi\u00e3o Metropolitana de Belo Horizonte. A diretoria esteve presente nas pessoas do presidente, Eduardo Couto, do 1\u00ba vice-presidente, Rui Viana, do diretor financeiro, Willer Ferreira, do diretor jur\u00eddico, Ronaldo Ribeiro Jr., bem como do assessor Franklin Almeida.\u00a0<\/p>\n<p style=\"text-align: justify;\">A comarca de Juatuba foi criada pela Lei Complementar 59\/2001, mas s\u00f3 foi instalada 21 anos depois. Nela, foi realocada parte dos acervos da 1\u00aa Vara C\u00edvel, Criminal e da Inf\u00e2ncia e da Juventude e da 2\u00aa Vara C\u00edvel, Criminal e de Execu\u00e7\u00f5es Penais de Mateus Leme. A medida permitiu a redu\u00e7\u00e3o no n\u00famero de processos da comarca de Mateus Leme.<\/p>\n<p style=\"text-align: justify;\">Durante a visita, foi feita a \u00faltima filia\u00e7\u00e3o que faltava em Juatuba, da assessora Bruna Larissa Mendes Oliveira. O encontro tamb\u00e9m foi marcado pelo tradicional bate-papo entre associados e diretores. Filiada h\u00e1 17 anos, a gerente de secretaria Liliane dos Santos Moreira aproveitou a oportunidade para saudar o trabalho do sindicato.<\/p>\n<p style=\"text-align: justify;\">\u201cEntendo que a luta \u00e9 conjunta, mas tamb\u00e9m percebo que o sindicato me representa bem. Eu n\u00e3o fico desamparada. Sempre que procuro, seja por e-mail, telefone ou WhatsApp, me sinto acolhida. J\u00e1 tivemos um conflito na minha secretaria e o sindicato mediou exemplarmente, com assessoria jur\u00eddica e orienta\u00e7\u00f5es. Gra\u00e7as a isso, a secretaria conseguiu lidar muito bem com a quest\u00e3o\u201d, relembra.<\/p>\n<p style=\"text-align: justify;\">A oficiala judici\u00e1ria Lorraine Fl\u00e1via de Souza Barros, em Juatuba h\u00e1 oito meses, j\u00e1 havia recebido uma visita do SERJUSMIG quando a diretoria esteve em sua comarca anterior, Lagoa da Prata. Foi l\u00e1 que ela efetivou sua filia\u00e7\u00e3o ao sindicato.<\/p>\n<p style=\"text-align: justify;\">\u201cA presen\u00e7a do sindicato \u00e9 muito importante para sabermos as pautas e como lutar pelos nossos direitos. E, claro, isso nos ajuda a participar mais e ter mais interesse no trabalho sindical, pois estamos vendo tudo de perto. O principal \u00e9 acompanhar, pois, a\u00ed, podemos indicar pautas\u201d, afirma.\u00a0<\/p>\n<p style=\"text-align: justify;\">\u00a0<\/p>\n<p style=\"text-align: center;\"><iframe title=\"YouTube video player\" src=\"https:\/\/www.youtube.com\/embed\/SQkL9uta45Q\" width=\"560\" height=\"315\" frameborder=\"0\" allowfullscreen=\"allowfullscreen\"><\/iframe><\/p>\n<p style=\"text-align: justify;\">\u00a0<\/p>\n<p style=\"text-align: justify;\"><strong>Um ano de muitas hist\u00f3rias<\/strong><\/p>\n<p style=\"text-align: justify;\">O Diretor Financeiro do SERJUSMIG, Willer Luciano Ferreira, fez mais de cem visitas a comarcas de todo o estado, e coleciona hist\u00f3rias de receptividade, fortalecimento e gratid\u00e3o. \u201cO sindicato \u00e9 muito bem recebido em todo lugar, ganhei muita coisa boa no interior, caf\u00e9, rapadura. Tem comarca que eu custei a sair, ficamos conversando por horas e s\u00f3 fui embora 20h\u201d, anima-se ao lembrar dos bons momentos.\u00a0<\/p>\n<p style=\"text-align: justify;\">Willer conta que o debate sobre pol\u00edtica nacional e estadual sempre foi momento de grande participa\u00e7\u00e3o dos presentes nas rodas de conversa durante as visitas. O impacto que o cen\u00e1rio pol\u00edtico tem sobre o servi\u00e7o p\u00fablico e a vida dos servidores muitas vezes \u00e9 ignorado, e \u00e9 necess\u00e1rio trazer o assunto \u00e0 tona.\u00a0<\/p>\n<p style=\"text-align: justify;\">\u201cGeralmente, o debate pol\u00edtico gira em torno do Regime de Recupera\u00e7\u00e3o Fiscal; o congelamento de direitos como o quinqu\u00eanio, com a LC 173; e a PEC 32. Eu vou l\u00e1 atr\u00e1s, dou uma aula desde 1990 at\u00e9 hoje, e fica clara a import\u00e2ncia da atua\u00e7\u00e3o do sindicato e participa\u00e7\u00e3o de todos\u201d, relata o diretor.\u00a0<\/p>\n<p style=\"text-align: justify;\">Em certa ocasi\u00e3o, ap\u00f3s ouvir a explana\u00e7\u00e3o do Sindicato sobre o cen\u00e1rio pol\u00edtico, um estagi\u00e1rio demonstrou a sua preocupa\u00e7\u00e3o com o futuro. \u201cEle disse que \u2018se a popula\u00e7\u00e3o continuar a apoiar quem \u00e9 contra o servi\u00e7o p\u00fablico, eu nunca vou ter a chance de trabalhar aqui como servidor p\u00fablico\u2019. Ou seja, ele entendeu o que estamos trazendo\u201d, conta o diretor.\u00a0<\/p>\n<p style=\"text-align: justify;\">\u201cO Sindicato que n\u00e3o est\u00e1 com a base \u00e9 como um ex\u00e9rcito sem armas\u201d. De acordo com Willer, essa frase o inspirou durante toda a rodada de visitas, certo de que a a\u00e7\u00e3o \u00e9 o melhor caminho para a luta por direitos da categoria.\u00a0<\/p>\n<p style=\"text-align: justify;\">\u00a0<\/p>\n<p style=\"text-align: justify;\"><strong>Presen\u00e7a e participa\u00e7\u00e3o continuam<\/strong><\/p>\n<p style=\"text-align: justify;\">Ap\u00f3s visitas a todas as 298 comarcas de Minas Gerais, em apenas um ano, o SERJUSMIG n\u00e3o p\u00e1ra por a\u00ed. At\u00e9 o final da gest\u00e3o, est\u00e3o previstas diversas a\u00e7\u00f5es no estado, como encontros regionais, abertos a todos os sindicalizados em suas regionais.\u00a0<\/p>\n<p style=\"text-align: justify;\">O primeiro deles acontece em Juiz de Fora, no pr\u00f3ximo dia <strong>1\u00ba de abril<\/strong>. Com o lema \u201cConscientizar e integrar a categoria para aprimorar e fortalecer as suas lutas\u201d, o SERJUSMIG busca incentivar a participa\u00e7\u00e3o dos associados e, por consequ\u00eancia, a constru\u00e7\u00e3o conjunta do sindicato.\u00a0<\/p>\n<p style=\"text-align: justify;\">O encontro contar\u00e1 com atividades de car\u00e1ter formativo, debates sobre as estrat\u00e9gias de luta e um momento de confraterniza\u00e7\u00e3o. \u201cEsperamos que o SERJUSMIG cres\u00e7a cada vez mais e se fortale\u00e7a para a continuidade da luta\u201d, conclui o presidente do SERJUSMIG, Eduardo Couto.<\/p>\n<p style=\"text-align: justify;\">Para saber mais sobre o Encontro Regional em Juiz de Fora, acesse a <a href=\"\/inscricoes-para-o-5-encontro-da-regional-juiz-de-fora-vao-ate-dia-28-02\">mat\u00e9ria de divulga\u00e7\u00e3o<\/a>.\u00a0<\/p>\n<p style=\"text-align: justify;\">\u00a0<\/p>\n<p style=\"text-align: justify;\"><em><strong>SERJUSMIG\u00a0<\/strong><br \/>Unir, Lutar e Vencer<\/em><\/p>","protected":false},"excerpt":{"rendered":"<p>n\/a<\/p>\n","protected":false},"author":1,"featured_media":23414,"comment_status":"open","ping_status":"open","sticky":false,"template":"","format":"standard","meta":{"_acf_changed":false,"cybocfi_hide_featured_image":"yes","footnotes":""},"categories":[1],"tags":[],"class_list":["post-10966","post","type-post","status-publish","format-standard","has-post-thumbnail","hentry","category-sem-categoria"],"acf":{"chapeu_post":""},"_links":{"self":[{"href":"https:\/\/br01.clst1804.huntidata.com.br\/~serjusmigorg\/wp-json\/wp\/v2\/posts\/10966","targetHints":{"allow":["GET"]}}],"collection":[{"href":"https:\/\/br01.clst1804.huntidata.com.br\/~serjusmigorg\/wp-json\/wp\/v2\/posts"}],"about":[{"href":"https:\/\/br01.clst1804.huntidata.com.br\/~serjusmigorg\/wp-json\/wp\/v2\/types\/post"}],"author":[{"embeddable":true,"href":"https:\/\/br01.clst1804.huntidata.com.br\/~serjusmigorg\/wp-json\/wp\/v2\/users\/1"}],"replies":[{"embeddable":true,"href":"https:\/\/br01.clst1804.huntidata.com.br\/~serjusmigorg\/wp-json\/wp\/v2\/comments?post=10966"}],"version-history":[{"count":1,"href":"https:\/\/br01.clst1804.huntidata.com.br\/~serjusmigorg\/wp-json\/wp\/v2\/posts\/10966\/revisions"}],"predecessor-version":[{"id":23415,"href":"https:\/\/br01.clst1804.huntidata.com.br\/~serjusmigorg\/wp-json\/wp\/v2\/posts\/10966\/revisions\/23415"}],"wp:featuredmedia":[{"embeddable":true,"href":"https:\/\/br01.clst1804.huntidata.com.br\/~serjusmigorg\/wp-json\/wp\/v2\/media\/23414"}],"wp:attachment":[{"href":"https:\/\/br01.clst1804.huntidata.com.br\/~serjusmigorg\/wp-json\/wp\/v2\/media?parent=10966"}],"wp:term":[{"taxonomy":"category","embeddable":true,"href":"https:\/\/br01.clst1804.huntidata.com.br\/~serjusmigorg\/wp-json\/wp\/v2\/categories?post=10966"},{"taxonomy":"post_tag","embeddable":true,"href":"https:\/\/br01.clst1804.huntidata.com.br\/~serjusmigorg\/wp-json\/wp\/v2\/tags?post=10966"}],"curies":[{"name":"wp","href":"https:\/\/api.w.org\/{rel}","templated":true}]}}