{"id":10967,"date":"2023-03-16T16:50:00","date_gmt":"2023-03-16T16:50:00","guid":{"rendered":"https:\/\/pecorari-cloudbr722.pecoraricloud.com.br\/~serjusmigorg\/fenajud-declara-apoio-a-luta-do-sintaj-ba-e-movimento-paredista-no-estado-da-bahia\/"},"modified":"2026-08-09T12:25:01","modified_gmt":"2026-08-09T15:25:01","slug":"fenajud-declara-apoio-a-luta-do-sintaj-ba-e-movimento-paredista-no-estado-da-bahia","status":"publish","type":"post","link":"https:\/\/br01.clst1804.huntidata.com.br\/~serjusmigorg\/fenajud-declara-apoio-a-luta-do-sintaj-ba-e-movimento-paredista-no-estado-da-bahia\/","title":{"rendered":"Fenajud declara apoio \u00e0 luta do SINTAJ-BA e movimento paredista no estado da Bahia"},"content":{"rendered":"\n<figure class=\"wp-block-image size-full\"><img fetchpriority=\"high\" decoding=\"async\" width=\"702\" height=\"459\" src=\"https:\/\/br01.clst1804.huntidata.com.br\/~serjusmigorg\/wp-content\/uploads\/2023\/03\/d8d6aa1f742511a5889442c664122a53db3f6e08.jpg\" alt=\"\" class=\"wp-image-23412\" srcset=\"https:\/\/br01.clst1804.huntidata.com.br\/~serjusmigorg\/wp-content\/uploads\/2023\/03\/d8d6aa1f742511a5889442c664122a53db3f6e08.jpg 702w, https:\/\/br01.clst1804.huntidata.com.br\/~serjusmigorg\/wp-content\/uploads\/2023\/03\/d8d6aa1f742511a5889442c664122a53db3f6e08-300x196.jpg 300w, https:\/\/br01.clst1804.huntidata.com.br\/~serjusmigorg\/wp-content\/uploads\/2023\/03\/d8d6aa1f742511a5889442c664122a53db3f6e08-370x242.jpg 370w, https:\/\/br01.clst1804.huntidata.com.br\/~serjusmigorg\/wp-content\/uploads\/2023\/03\/d8d6aa1f742511a5889442c664122a53db3f6e08-642x420.jpg 642w, https:\/\/br01.clst1804.huntidata.com.br\/~serjusmigorg\/wp-content\/uploads\/2023\/03\/d8d6aa1f742511a5889442c664122a53db3f6e08-344x225.jpg 344w\" sizes=\"(max-width: 702px) 100vw, 702px\" \/><\/figure>\n\n\n<p>&nbsp;<\/p>\n<p style=\"text-align: justify;\">Na manh\u00e3 desta quinta-feira (16) a FENAJUD \u2013 Federa\u00e7\u00e3o Nacional dos Trabalhadores do Judici\u00e1rio nos Estados \u2013 assumiu posi\u00e7\u00e3o nas trincheiras de luta junto ao SINTAJ-BA e vem a p\u00fablico declarar total apoio ao sindicato e a categoria por ele representada\u2013 que segue em paralisa\u00e7\u00e3o por 24 horas em todas as unidades do Poder Judici\u00e1rio da Bahia. O movimento se d\u00e1 devido \u00e0 aus\u00eancia de compromisso do TJBA com a categoria e diante \u00e0 negativa de direitos.<\/p>\n<p style=\"text-align: justify;\">Entre os temas que seguem em busca de solu\u00e7\u00e3o est\u00e3o: a Progress\u00e3o Funcional por Merecimento, anterior a 2013; o retorno do abono pecuni\u00e1rio extinto em 2015 e restabelecido apenas para os magistrados; o Aux\u00edlio-Sa\u00fade para aposentados, aposentadas e pensionistas que desde julho de 2021 vem sendo negado; e a recomposi\u00e7\u00e3o salarial, cuja defasagem persiste desde 2016, estando em 50,55% a perda do poder de compra.<\/p>\n<p style=\"text-align: justify;\">A entidade entende que a abertura de di\u00e1logo e negocia\u00e7\u00e3o demonstrar\u00e1 o compromisso do TJBA com aquelas e aqueles que seguem compromissados com a presta\u00e7\u00e3o jurisdicional no estado, mesmo diante das mazelas com as quais s\u00e3o obrigados a conviver cotidianamente no ambiente laboral.<\/p>\n<p style=\"text-align: justify;\">A Federa\u00e7\u00e3o aponta, por fim, que est\u00e1 e se manter\u00e1 lado a lado \u00e0 categoria baiana por acreditar que todas as trabalhadoras e trabalhadores do estado devem ter seus direitos atendidos e por entender que o papel da dire\u00e7\u00e3o do Tribunal de Justi\u00e7a \u00e9 ouvir as demandas apresentadas e apontar solu\u00e7\u00f5es para cada uma delas.<\/p>\n<p style=\"text-align: justify;\"><strong>Por NENHUM direito a menos e pela valoriza\u00e7\u00e3o do servi\u00e7o p\u00fablico no estado.<\/strong><\/p>\n<p style=\"text-align: justify;\">\u00a0<\/p>\n<p style=\"text-align: justify;\"><strong>Fonte:\u00a0<\/strong><a href=\"https:\/\/fenajud.org.br\/?p=13750\">Fenajud<\/a><\/p>","protected":false},"excerpt":{"rendered":"<p>n\/a<\/p>\n","protected":false},"author":1,"featured_media":23412,"comment_status":"open","ping_status":"open","sticky":false,"template":"","format":"standard","meta":{"_acf_changed":false,"cybocfi_hide_featured_image":"yes","footnotes":""},"categories":[1],"tags":[],"class_list":["post-10967","post","type-post","status-publish","format-standard","has-post-thumbnail","hentry","category-sem-categoria"],"acf":{"chapeu_post":""},"_links":{"self":[{"href":"https:\/\/br01.clst1804.huntidata.com.br\/~serjusmigorg\/wp-json\/wp\/v2\/posts\/10967","targetHints":{"allow":["GET"]}}],"collection":[{"href":"https:\/\/br01.clst1804.huntidata.com.br\/~serjusmigorg\/wp-json\/wp\/v2\/posts"}],"about":[{"href":"https:\/\/br01.clst1804.huntidata.com.br\/~serjusmigorg\/wp-json\/wp\/v2\/types\/post"}],"author":[{"embeddable":true,"href":"https:\/\/br01.clst1804.huntidata.com.br\/~serjusmigorg\/wp-json\/wp\/v2\/users\/1"}],"replies":[{"embeddable":true,"href":"https:\/\/br01.clst1804.huntidata.com.br\/~serjusmigorg\/wp-json\/wp\/v2\/comments?post=10967"}],"version-history":[{"count":1,"href":"https:\/\/br01.clst1804.huntidata.com.br\/~serjusmigorg\/wp-json\/wp\/v2\/posts\/10967\/revisions"}],"predecessor-version":[{"id":23413,"href":"https:\/\/br01.clst1804.huntidata.com.br\/~serjusmigorg\/wp-json\/wp\/v2\/posts\/10967\/revisions\/23413"}],"wp:featuredmedia":[{"embeddable":true,"href":"https:\/\/br01.clst1804.huntidata.com.br\/~serjusmigorg\/wp-json\/wp\/v2\/media\/23412"}],"wp:attachment":[{"href":"https:\/\/br01.clst1804.huntidata.com.br\/~serjusmigorg\/wp-json\/wp\/v2\/media?parent=10967"}],"wp:term":[{"taxonomy":"category","embeddable":true,"href":"https:\/\/br01.clst1804.huntidata.com.br\/~serjusmigorg\/wp-json\/wp\/v2\/categories?post=10967"},{"taxonomy":"post_tag","embeddable":true,"href":"https:\/\/br01.clst1804.huntidata.com.br\/~serjusmigorg\/wp-json\/wp\/v2\/tags?post=10967"}],"curies":[{"name":"wp","href":"https:\/\/api.w.org\/{rel}","templated":true}]}}