{"id":10968,"date":"2023-03-16T17:29:00","date_gmt":"2023-03-16T17:29:00","guid":{"rendered":"https:\/\/pecorari-cloudbr722.pecoraricloud.com.br\/~serjusmigorg\/tribunal-publica-pauta-do-orgao-especial-com-duas-importantes-demandas-da-categoria\/"},"modified":"2026-08-09T12:24:00","modified_gmt":"2026-08-09T15:24:00","slug":"tribunal-publica-pauta-do-orgao-especial-com-duas-importantes-demandas-da-categoria","status":"publish","type":"post","link":"https:\/\/br01.clst1804.huntidata.com.br\/~serjusmigorg\/tribunal-publica-pauta-do-orgao-especial-com-duas-importantes-demandas-da-categoria\/","title":{"rendered":"Tribunal publica pauta do \u00d3rg\u00e3o Especial com duas importantes demandas da categoria"},"content":{"rendered":"\n<figure class=\"wp-block-image size-large\"><img fetchpriority=\"high\" decoding=\"async\" width=\"1024\" height=\"575\" src=\"https:\/\/br01.clst1804.huntidata.com.br\/~serjusmigorg\/wp-content\/uploads\/2023\/03\/d8ba1c85d61736ad22b1da151176bda61f414608-1024x575.jpg\" alt=\"\" class=\"wp-image-23410\" srcset=\"https:\/\/br01.clst1804.huntidata.com.br\/~serjusmigorg\/wp-content\/uploads\/2023\/03\/d8ba1c85d61736ad22b1da151176bda61f414608-1024x575.jpg 1024w, https:\/\/br01.clst1804.huntidata.com.br\/~serjusmigorg\/wp-content\/uploads\/2023\/03\/d8ba1c85d61736ad22b1da151176bda61f414608-300x168.jpg 300w, https:\/\/br01.clst1804.huntidata.com.br\/~serjusmigorg\/wp-content\/uploads\/2023\/03\/d8ba1c85d61736ad22b1da151176bda61f414608-768x431.jpg 768w, https:\/\/br01.clst1804.huntidata.com.br\/~serjusmigorg\/wp-content\/uploads\/2023\/03\/d8ba1c85d61736ad22b1da151176bda61f414608-370x208.jpg 370w, https:\/\/br01.clst1804.huntidata.com.br\/~serjusmigorg\/wp-content\/uploads\/2023\/03\/d8ba1c85d61736ad22b1da151176bda61f414608-1080x606.jpg 1080w, https:\/\/br01.clst1804.huntidata.com.br\/~serjusmigorg\/wp-content\/uploads\/2023\/03\/d8ba1c85d61736ad22b1da151176bda61f414608-865x486.jpg 865w, https:\/\/br01.clst1804.huntidata.com.br\/~serjusmigorg\/wp-content\/uploads\/2023\/03\/d8ba1c85d61736ad22b1da151176bda61f414608-642x360.jpg 642w, https:\/\/br01.clst1804.huntidata.com.br\/~serjusmigorg\/wp-content\/uploads\/2023\/03\/d8ba1c85d61736ad22b1da151176bda61f414608-270x152.jpg 270w, https:\/\/br01.clst1804.huntidata.com.br\/~serjusmigorg\/wp-content\/uploads\/2023\/03\/d8ba1c85d61736ad22b1da151176bda61f414608.jpg 1140w\" sizes=\"(max-width: 1024px) 100vw, 1024px\" \/><\/figure>\n\n\n<p>&nbsp;<\/p>\n<p style=\"text-align: justify;\">O TJMG publicou na \u00faltima edi\u00e7\u00e3o do Di\u00e1rio do Judici\u00e1rio Eletr\u00f4nico (DJe) uma pauta administrativa para a reuni\u00e3o ordin\u00e1ria virtual do \u00d3rg\u00e3o Especial na pr\u00f3xima quarta-feira (22), \u00e0s 13h. A pauta traz dois temas de interesse direto da categoria: a devolu\u00e7\u00e3o da contagem de tempo congelada pela Lei Complementar 173\/2020 e o aproveitamento do Adicional de Desempenho (ADE) adquirido em cargos pregressos em outros \u00f3rg\u00e3os.<\/p>\n<p style=\"text-align: justify;\"><a href=\"https:\/\/br01.clst1804.huntidata.com.br\/~serjusmigorg\/wp-content\/uploads\/antigo\/oficios\/orgao-especial_22.03.2023.pdf\">ACESSE AQUI A PUBLICA\u00c7\u00c3O DA PAUTA DO \u00d3RG\u00c3O ESPECIAL PARA REUNI\u00c3O VIRTUAL DO DIA 22\/03<\/a><\/p>\n<p style=\"text-align: justify;\">\u00a0<\/p>\n<p style=\"text-align: justify;\"><strong>Contagem de tempo<\/strong><\/p>\n<p style=\"text-align: justify;\">Na reuni\u00e3o, o \u00d3rg\u00e3o Especial examinar\u00e1 em definitivo os efeitos da Lei Complementar 173\/2020 na contagem de tempo dos servidores, com vistas \u00e0 aquisi\u00e7\u00e3o de quinqu\u00eanio, trinten\u00e1rio e f\u00e9rias-pr\u00eamio.<\/p>\n<p style=\"text-align: justify;\">Em dezembro, o Tribunal de Contas do Estado (TCE) aprovou a devolu\u00e7\u00e3o dessa contagem, com efeitos financeiros a partir de 1\u00ba de janeiro de 2022. Na \u00e9poca, a dire\u00e7\u00e3o do TJMG se comprometeu com o cumprimento da decis\u00e3o do TCE.<\/p>\n<p style=\"text-align: justify;\">Na segunda-feira (13), a Comiss\u00e3o Administrativa do TJMG aprovou um parecer pela devolu\u00e7\u00e3o da contagem de tempo. Ap\u00f3s a aprova\u00e7\u00e3o pelo \u00d3rg\u00e3o Especial, as publica\u00e7\u00f5es come\u00e7ar\u00e3o a ser feitas para garantir a contabiliza\u00e7\u00e3o do tempo congelado e os respectivos pagamentos.<\/p>\n<p style=\"text-align: justify;\">Para Eduardo Couto, presidente do SERJUSMIG, \u201ca luta dos trabalhadores, organizada no Sindicato, est\u00e1 muito perto de conquistar uma grande vit\u00f3ria, que ir\u00e1 corrigir uma grave injusti\u00e7a imposta aos Servidores e Servidoras da Justi\u00e7a mineira, os quais n\u00e3o deixaram de trabalhar durante a pandemia, sendo que muitos est\u00e3o aguardando essa decis\u00e3o para requerer a t\u00e3o merecida e sonhada aposentadoria\u201d.<\/p>\n<p style=\"text-align: justify;\">\u00a0<\/p>\n<p style=\"text-align: justify;\"><strong>ADE de cargos anteriores<\/strong><\/p>\n<p style=\"text-align: justify;\">Outro tema relevante para a categoria, a ser apreciado no dia 22, \u00e9 a mudan\u00e7a da Resolu\u00e7\u00e3o 634\/2010, permitindo aos servidores, para fins de c\u00e1lculo da remunera\u00e7\u00e3o, o aproveitamento de ADE adquirido quando da ocupa\u00e7\u00e3o pregressa de outros cargos, civis ou militares. Se aprovada, a mudan\u00e7a atender\u00e1 a solicita\u00e7\u00e3o do SERJUSMIG, apresentada em reuni\u00f5es de negocia\u00e7\u00e3o e por meio de of\u00edcio.<\/p>\n<p style=\"text-align: justify;\"><a href=\"https:\/\/br01.clst1804.huntidata.com.br\/~serjusmigorg\/wp-content\/uploads\/antigo\/oficios\/of.75-adicional-de-desempenho-1-_removed-1.pdf\">ACESSE AQUI OF\u00cdCIO PROTOCOLADO EM 09\/2022<\/a><\/p>\n<p style=\"text-align: justify;\">\u00a0<\/p>\n<p style=\"text-align: justify;\"><strong>Resultados da reuni\u00e3o<\/strong><\/p>\n<p style=\"text-align: justify;\">Os resultados da reuni\u00e3o virtual do \u00d3rg\u00e3o Especial ser\u00e3o prontamente divulgados na p\u00e1gina oficial do SERJUSMIG, t\u00e3o logo seja conclu\u00edda a discuss\u00e3o e o Sindicato tenha acesso \u00e0s delibera\u00e7\u00f5es.<\/p>\n<p style=\"text-align: justify;\">\u00a0<\/p>\n<p style=\"text-align: justify;\"><em><strong>SERJUSMIG<\/strong><br \/>Unir, Lutar e Vencer<\/em><\/p>","protected":false},"excerpt":{"rendered":"<p>n\/a<\/p>\n","protected":false},"author":1,"featured_media":23410,"comment_status":"open","ping_status":"open","sticky":false,"template":"","format":"standard","meta":{"_acf_changed":false,"cybocfi_hide_featured_image":"yes","footnotes":""},"categories":[1],"tags":[],"class_list":["post-10968","post","type-post","status-publish","format-standard","has-post-thumbnail","hentry","category-sem-categoria"],"acf":{"chapeu_post":""},"_links":{"self":[{"href":"https:\/\/br01.clst1804.huntidata.com.br\/~serjusmigorg\/wp-json\/wp\/v2\/posts\/10968","targetHints":{"allow":["GET"]}}],"collection":[{"href":"https:\/\/br01.clst1804.huntidata.com.br\/~serjusmigorg\/wp-json\/wp\/v2\/posts"}],"about":[{"href":"https:\/\/br01.clst1804.huntidata.com.br\/~serjusmigorg\/wp-json\/wp\/v2\/types\/post"}],"author":[{"embeddable":true,"href":"https:\/\/br01.clst1804.huntidata.com.br\/~serjusmigorg\/wp-json\/wp\/v2\/users\/1"}],"replies":[{"embeddable":true,"href":"https:\/\/br01.clst1804.huntidata.com.br\/~serjusmigorg\/wp-json\/wp\/v2\/comments?post=10968"}],"version-history":[{"count":1,"href":"https:\/\/br01.clst1804.huntidata.com.br\/~serjusmigorg\/wp-json\/wp\/v2\/posts\/10968\/revisions"}],"predecessor-version":[{"id":23411,"href":"https:\/\/br01.clst1804.huntidata.com.br\/~serjusmigorg\/wp-json\/wp\/v2\/posts\/10968\/revisions\/23411"}],"wp:featuredmedia":[{"embeddable":true,"href":"https:\/\/br01.clst1804.huntidata.com.br\/~serjusmigorg\/wp-json\/wp\/v2\/media\/23410"}],"wp:attachment":[{"href":"https:\/\/br01.clst1804.huntidata.com.br\/~serjusmigorg\/wp-json\/wp\/v2\/media?parent=10968"}],"wp:term":[{"taxonomy":"category","embeddable":true,"href":"https:\/\/br01.clst1804.huntidata.com.br\/~serjusmigorg\/wp-json\/wp\/v2\/categories?post=10968"},{"taxonomy":"post_tag","embeddable":true,"href":"https:\/\/br01.clst1804.huntidata.com.br\/~serjusmigorg\/wp-json\/wp\/v2\/tags?post=10968"}],"curies":[{"name":"wp","href":"https:\/\/api.w.org\/{rel}","templated":true}]}}