{"id":10971,"date":"2023-03-18T12:49:00","date_gmt":"2023-03-18T12:49:00","guid":{"rendered":"https:\/\/pecorari-cloudbr722.pecoraricloud.com.br\/~serjusmigorg\/nota-de-falecimento-comarca-de-ibirite\/"},"modified":"2026-09-03T17:00:01","modified_gmt":"2026-09-03T20:00:01","slug":"nota-de-falecimento-comarca-de-ibirite","status":"publish","type":"post","link":"https:\/\/br01.clst1804.huntidata.com.br\/~serjusmigorg\/nota-de-falecimento-comarca-de-ibirite\/","title":{"rendered":"Nota de Falecimento \u2013 Comarca de Ibirit\u00e9"},"content":{"rendered":"\n<figure class=\"wp-block-image size-full\"><img fetchpriority=\"high\" decoding=\"async\" width=\"418\" height=\"315\" src=\"https:\/\/br01.clst1804.huntidata.com.br\/~serjusmigorg\/wp-content\/uploads\/2023\/01\/137703f1beefe6327d000400546882dcf959d0a7.jpg\" alt=\"\" class=\"wp-image-23266\" srcset=\"https:\/\/br01.clst1804.huntidata.com.br\/~serjusmigorg\/wp-content\/uploads\/2023\/01\/137703f1beefe6327d000400546882dcf959d0a7.jpg 418w, https:\/\/br01.clst1804.huntidata.com.br\/~serjusmigorg\/wp-content\/uploads\/2023\/01\/137703f1beefe6327d000400546882dcf959d0a7-300x225.jpg 300w, https:\/\/br01.clst1804.huntidata.com.br\/~serjusmigorg\/wp-content\/uploads\/2023\/01\/137703f1beefe6327d000400546882dcf959d0a7-370x279.jpg 370w\" sizes=\"(max-width: 600px) 100vw, 418px\" \/><\/figure>\n\n\n<p>&nbsp;<\/p>\n<p style=\"text-align: justify;\">Com tristeza,\u00a0o SERJUSMIG comunica\u00a0o falecimento do Oficial de Justi\u00e7a aposentado e companheiro\u00a0<strong>Jos\u00e9 Luiz Diniz<\/strong>, da comarca de Ibirit\u00e9.\u00a0Ele partiu \u00e0s 23h desta sexta-feira (17).\u00a0<\/p>\n<p style=\"text-align: justify;\">O vel\u00f3rio acontece neste s\u00e1bado (18),\u00a0das 13 \u00e0s 16h, no cemit\u00e9rio de Bom Jardim, em M\u00e1rio Campos, Regi\u00e3o Metropolitana de Belo Horizonte.\u00a0<\/p>\n<p style=\"text-align: justify;\">A todos os familiares, amigos e colegas, nossos mais sentidos p\u00easames.\u00a0<\/p>","protected":false},"excerpt":{"rendered":"<p>n\/a<\/p>\n","protected":false},"author":1,"featured_media":23266,"comment_status":"open","ping_status":"open","sticky":false,"template":"","format":"standard","meta":{"_acf_changed":false,"cybocfi_hide_featured_image":"yes","footnotes":""},"categories":[423],"tags":[],"class_list":["post-10971","post","type-post","status-publish","format-standard","has-post-thumbnail","hentry","category-nota-de-falecimento"],"acf":{"chapeu_post":""},"_links":{"self":[{"href":"https:\/\/br01.clst1804.huntidata.com.br\/~serjusmigorg\/wp-json\/wp\/v2\/posts\/10971","targetHints":{"allow":["GET"]}}],"collection":[{"href":"https:\/\/br01.clst1804.huntidata.com.br\/~serjusmigorg\/wp-json\/wp\/v2\/posts"}],"about":[{"href":"https:\/\/br01.clst1804.huntidata.com.br\/~serjusmigorg\/wp-json\/wp\/v2\/types\/post"}],"author":[{"embeddable":true,"href":"https:\/\/br01.clst1804.huntidata.com.br\/~serjusmigorg\/wp-json\/wp\/v2\/users\/1"}],"replies":[{"embeddable":true,"href":"https:\/\/br01.clst1804.huntidata.com.br\/~serjusmigorg\/wp-json\/wp\/v2\/comments?post=10971"}],"version-history":[{"count":1,"href":"https:\/\/br01.clst1804.huntidata.com.br\/~serjusmigorg\/wp-json\/wp\/v2\/posts\/10971\/revisions"}],"predecessor-version":[{"id":23403,"href":"https:\/\/br01.clst1804.huntidata.com.br\/~serjusmigorg\/wp-json\/wp\/v2\/posts\/10971\/revisions\/23403"}],"wp:featuredmedia":[{"embeddable":true,"href":"https:\/\/br01.clst1804.huntidata.com.br\/~serjusmigorg\/wp-json\/wp\/v2\/media\/23266"}],"wp:attachment":[{"href":"https:\/\/br01.clst1804.huntidata.com.br\/~serjusmigorg\/wp-json\/wp\/v2\/media?parent=10971"}],"wp:term":[{"taxonomy":"category","embeddable":true,"href":"https:\/\/br01.clst1804.huntidata.com.br\/~serjusmigorg\/wp-json\/wp\/v2\/categories?post=10971"},{"taxonomy":"post_tag","embeddable":true,"href":"https:\/\/br01.clst1804.huntidata.com.br\/~serjusmigorg\/wp-json\/wp\/v2\/tags?post=10971"}],"curies":[{"name":"wp","href":"https:\/\/api.w.org\/{rel}","templated":true}]}}