{"id":10972,"date":"2023-03-20T13:59:00","date_gmt":"2023-03-20T13:59:00","guid":{"rendered":"https:\/\/pecorari-cloudbr722.pecoraricloud.com.br\/~serjusmigorg\/tv-serjusmig-estreia-nesta-segunda-20-com-programa-fala-diretoria\/"},"modified":"2026-08-09T12:19:08","modified_gmt":"2026-08-09T15:19:08","slug":"tv-serjusmig-estreia-nesta-segunda-20-com-programa-fala-diretoria","status":"publish","type":"post","link":"https:\/\/br01.clst1804.huntidata.com.br\/~serjusmigorg\/tv-serjusmig-estreia-nesta-segunda-20-com-programa-fala-diretoria\/","title":{"rendered":"TV SERJUSMIG estreia nesta segunda (20) com programa \u201cFala, diretoria\u201d"},"content":{"rendered":"\n<figure class=\"wp-block-image size-large\"><img fetchpriority=\"high\" decoding=\"async\" width=\"1024\" height=\"576\" src=\"https:\/\/br01.clst1804.huntidata.com.br\/~serjusmigorg\/wp-content\/uploads\/2023\/03\/8af26607f6a8b45f9e422de17ec4552588235025-1024x576.jpg\" alt=\"\" class=\"wp-image-23401\" srcset=\"https:\/\/br01.clst1804.huntidata.com.br\/~serjusmigorg\/wp-content\/uploads\/2023\/03\/8af26607f6a8b45f9e422de17ec4552588235025-1024x576.jpg 1024w, https:\/\/br01.clst1804.huntidata.com.br\/~serjusmigorg\/wp-content\/uploads\/2023\/03\/8af26607f6a8b45f9e422de17ec4552588235025-300x169.jpg 300w, https:\/\/br01.clst1804.huntidata.com.br\/~serjusmigorg\/wp-content\/uploads\/2023\/03\/8af26607f6a8b45f9e422de17ec4552588235025-768x432.jpg 768w, https:\/\/br01.clst1804.huntidata.com.br\/~serjusmigorg\/wp-content\/uploads\/2023\/03\/8af26607f6a8b45f9e422de17ec4552588235025-1536x864.jpg 1536w, https:\/\/br01.clst1804.huntidata.com.br\/~serjusmigorg\/wp-content\/uploads\/2023\/03\/8af26607f6a8b45f9e422de17ec4552588235025-370x208.jpg 370w, https:\/\/br01.clst1804.huntidata.com.br\/~serjusmigorg\/wp-content\/uploads\/2023\/03\/8af26607f6a8b45f9e422de17ec4552588235025-1290x726.jpg 1290w, https:\/\/br01.clst1804.huntidata.com.br\/~serjusmigorg\/wp-content\/uploads\/2023\/03\/8af26607f6a8b45f9e422de17ec4552588235025-1080x608.jpg 1080w, https:\/\/br01.clst1804.huntidata.com.br\/~serjusmigorg\/wp-content\/uploads\/2023\/03\/8af26607f6a8b45f9e422de17ec4552588235025-865x487.jpg 865w, https:\/\/br01.clst1804.huntidata.com.br\/~serjusmigorg\/wp-content\/uploads\/2023\/03\/8af26607f6a8b45f9e422de17ec4552588235025-642x361.jpg 642w, https:\/\/br01.clst1804.huntidata.com.br\/~serjusmigorg\/wp-content\/uploads\/2023\/03\/8af26607f6a8b45f9e422de17ec4552588235025-270x152.jpg 270w, https:\/\/br01.clst1804.huntidata.com.br\/~serjusmigorg\/wp-content\/uploads\/2023\/03\/8af26607f6a8b45f9e422de17ec4552588235025.jpg 1600w\" sizes=\"(max-width: 1024px) 100vw, 1024px\" \/><\/figure>\n\n\n<p>&nbsp;<\/p>\n<p style=\"text-align: justify;\">A partir de agora, de maneira regular, a produ\u00e7\u00e3o audiovisual do sindicato passa a funcionar com a identidade TV SERJUSMIG. Em constru\u00e7\u00e3o, a programa\u00e7\u00e3o visa a trazer para o associado informa\u00e7\u00f5es de qualidade, em v\u00eddeos publicados no YouTube.\u00a0<\/p>\n<p style=\"text-align: justify;\">Nesta segunda-feira (20), estreia o programa \u201cFala, diretoria\u201d, apresentado pelo 3\u00ba vice-presidente, Felipe Galego. Em um di\u00e1logo simples e direto com a categoria, o diretor trata de assuntos diversos. Tamb\u00e9m haver\u00e1 espa\u00e7o para participa\u00e7\u00e3o dos trabalhadores.\u00a0<\/p>\n<p style=\"text-align: justify;\">\u201cQuinzenalmente, estaremos aqui para bater um papo sobre quest\u00f5es e assuntos de interesse da nossa categoria. Aproveito para pedir aos colegas que curtam e compartilhem nosso canal do YouTube. A colabora\u00e7\u00e3o de voc\u00eas \u00e9 muito importante para que possamos crescer e ter uma comunica\u00e7\u00e3o cada vez mais forte\u201d, afirma Felipe Galego.\u00a0<\/p>\n<p style=\"text-align: center;\"><strong>Acompanhe aqui o primeiro programa:\u00a0<\/strong><\/p>\n<p style=\"text-align: center;\"><iframe title=\"YouTube video player\" src=\"https:\/\/www.youtube.com\/embed\/9fWIoSA1F7E\" width=\"560\" height=\"315\" frameborder=\"0\" allowfullscreen=\"allowfullscreen\"><\/iframe><\/p>\n<p style=\"text-align: justify;\">\u00a0<\/p>\n<p style=\"text-align: justify;\"><em><strong>SERJUSMIG<\/strong><br \/>Unir, Lutar e Vencer!<\/em><\/p>","protected":false},"excerpt":{"rendered":"<p>n\/a<\/p>\n","protected":false},"author":1,"featured_media":23401,"comment_status":"open","ping_status":"open","sticky":false,"template":"","format":"standard","meta":{"_acf_changed":false,"cybocfi_hide_featured_image":"yes","footnotes":""},"categories":[1],"tags":[],"class_list":["post-10972","post","type-post","status-publish","format-standard","has-post-thumbnail","hentry","category-sem-categoria"],"acf":{"chapeu_post":""},"_links":{"self":[{"href":"https:\/\/br01.clst1804.huntidata.com.br\/~serjusmigorg\/wp-json\/wp\/v2\/posts\/10972","targetHints":{"allow":["GET"]}}],"collection":[{"href":"https:\/\/br01.clst1804.huntidata.com.br\/~serjusmigorg\/wp-json\/wp\/v2\/posts"}],"about":[{"href":"https:\/\/br01.clst1804.huntidata.com.br\/~serjusmigorg\/wp-json\/wp\/v2\/types\/post"}],"author":[{"embeddable":true,"href":"https:\/\/br01.clst1804.huntidata.com.br\/~serjusmigorg\/wp-json\/wp\/v2\/users\/1"}],"replies":[{"embeddable":true,"href":"https:\/\/br01.clst1804.huntidata.com.br\/~serjusmigorg\/wp-json\/wp\/v2\/comments?post=10972"}],"version-history":[{"count":1,"href":"https:\/\/br01.clst1804.huntidata.com.br\/~serjusmigorg\/wp-json\/wp\/v2\/posts\/10972\/revisions"}],"predecessor-version":[{"id":23402,"href":"https:\/\/br01.clst1804.huntidata.com.br\/~serjusmigorg\/wp-json\/wp\/v2\/posts\/10972\/revisions\/23402"}],"wp:featuredmedia":[{"embeddable":true,"href":"https:\/\/br01.clst1804.huntidata.com.br\/~serjusmigorg\/wp-json\/wp\/v2\/media\/23401"}],"wp:attachment":[{"href":"https:\/\/br01.clst1804.huntidata.com.br\/~serjusmigorg\/wp-json\/wp\/v2\/media?parent=10972"}],"wp:term":[{"taxonomy":"category","embeddable":true,"href":"https:\/\/br01.clst1804.huntidata.com.br\/~serjusmigorg\/wp-json\/wp\/v2\/categories?post=10972"},{"taxonomy":"post_tag","embeddable":true,"href":"https:\/\/br01.clst1804.huntidata.com.br\/~serjusmigorg\/wp-json\/wp\/v2\/tags?post=10972"}],"curies":[{"name":"wp","href":"https:\/\/api.w.org\/{rel}","templated":true}]}}