{"id":10973,"date":"2023-03-21T14:26:00","date_gmt":"2023-03-21T14:26:00","guid":{"rendered":"https:\/\/pecorari-cloudbr722.pecoraricloud.com.br\/~serjusmigorg\/tjmg-licita-empresa-para-realizacao-de-novo-concurso-publico\/"},"modified":"2026-08-09T12:17:51","modified_gmt":"2026-08-09T15:17:51","slug":"tjmg-licita-empresa-para-realizacao-de-novo-concurso-publico","status":"publish","type":"post","link":"https:\/\/br01.clst1804.huntidata.com.br\/~serjusmigorg\/tjmg-licita-empresa-para-realizacao-de-novo-concurso-publico\/","title":{"rendered":"TJMG licita empresa para realiza\u00e7\u00e3o de novo concurso p\u00fablico"},"content":{"rendered":"\n<figure class=\"wp-block-image size-large\"><img fetchpriority=\"high\" decoding=\"async\" width=\"1024\" height=\"575\" src=\"https:\/\/br01.clst1804.huntidata.com.br\/~serjusmigorg\/wp-content\/uploads\/2023\/03\/fb47961dd3e6fcad943af7469f0e791913522499-1024x575.jpg\" alt=\"\" class=\"wp-image-23399\" srcset=\"https:\/\/br01.clst1804.huntidata.com.br\/~serjusmigorg\/wp-content\/uploads\/2023\/03\/fb47961dd3e6fcad943af7469f0e791913522499-1024x575.jpg 1024w, https:\/\/br01.clst1804.huntidata.com.br\/~serjusmigorg\/wp-content\/uploads\/2023\/03\/fb47961dd3e6fcad943af7469f0e791913522499-300x168.jpg 300w, https:\/\/br01.clst1804.huntidata.com.br\/~serjusmigorg\/wp-content\/uploads\/2023\/03\/fb47961dd3e6fcad943af7469f0e791913522499-768x431.jpg 768w, https:\/\/br01.clst1804.huntidata.com.br\/~serjusmigorg\/wp-content\/uploads\/2023\/03\/fb47961dd3e6fcad943af7469f0e791913522499-370x208.jpg 370w, https:\/\/br01.clst1804.huntidata.com.br\/~serjusmigorg\/wp-content\/uploads\/2023\/03\/fb47961dd3e6fcad943af7469f0e791913522499-1080x606.jpg 1080w, https:\/\/br01.clst1804.huntidata.com.br\/~serjusmigorg\/wp-content\/uploads\/2023\/03\/fb47961dd3e6fcad943af7469f0e791913522499-865x486.jpg 865w, https:\/\/br01.clst1804.huntidata.com.br\/~serjusmigorg\/wp-content\/uploads\/2023\/03\/fb47961dd3e6fcad943af7469f0e791913522499-642x360.jpg 642w, https:\/\/br01.clst1804.huntidata.com.br\/~serjusmigorg\/wp-content\/uploads\/2023\/03\/fb47961dd3e6fcad943af7469f0e791913522499-270x152.jpg 270w, https:\/\/br01.clst1804.huntidata.com.br\/~serjusmigorg\/wp-content\/uploads\/2023\/03\/fb47961dd3e6fcad943af7469f0e791913522499.jpg 1140w\" sizes=\"(max-width: 1024px) 100vw, 1024px\" \/><\/figure>\n\n\n<p>&nbsp;<\/p>\n<p style=\"text-align: justify;\">Em resposta \u00e0 solicita\u00e7\u00e3o defendida permanentemente pelo SERJUSMIG junto \u00e0 administra\u00e7\u00e3o do Tribunal de Justi\u00e7a de Minas Gerais-TJMG, foi <a href=\"https:\/\/br01.clst1804.huntidata.com.br\/~serjusmigorg\/wp-content\/uploads\/antigo\/oficios\/dje-21-de-marco-10.pdf\">publicada nesta ter\u00e7a-feira, 21 de mar\u00e7o<\/a>, a abertura do processo de licita\u00e7\u00e3o para realiza\u00e7\u00e3o de novo concurso p\u00fablico, para o cargo de Oficial Judici\u00e1rio, nas especialidades Oficial Judici\u00e1rio e Comiss\u00e1rio da Inf\u00e2ncia e da Juventude.<\/p>\n<p style=\"text-align: justify;\">A licita\u00e7\u00e3o visa \u00e0 contrata\u00e7\u00e3o de empresa especializada na presta\u00e7\u00e3o de servi\u00e7os para organiza\u00e7\u00e3o e operacionaliza\u00e7\u00e3o de concurso p\u00fablico, para preenchimento de vagas existentes e forma\u00e7\u00e3o de cadastro de reserva para cargos efetivos do quadro de pessoal dos servidores, conforme especifica\u00e7\u00f5es t\u00e9cnicas contidas no Termo de Refer\u00eancia e demais anexos.<\/p>\n<p style=\"text-align: justify;\">O preg\u00e3o tem in\u00edcio no dia 03 de abril, \u00e0s 10h. Os interessados t\u00eam acesso ao Edital pelo <a href=\"https:\/\/www.tjmg.jus.br\/portal-tjmg\/informes\/tjmg-licita-contratacao-de-empresa-para-realizar-concurso-publico.htm#\">site do TJMG<\/a>.\u00a0<\/p>\n<p style=\"text-align: justify;\"><a href=\"https:\/\/br01.clst1804.huntidata.com.br\/~serjusmigorg\/wp-content\/uploads\/antigo\/arquivos\/EDITAL%20No%2054_2023.pdf\"><strong>ACESSE AQUI O\u00a0EDITAL N\u00ba 54\/2023<\/strong><\/a><\/p>\n<p style=\"text-align: justify;\">\u00a0<\/p>\n<p style=\"text-align: justify;\"><strong>Pauta permanente<\/strong><\/p>\n<p style=\"text-align: justify;\">O SERJUSMIG tem como uma de suas principais bandeiras de lutas a realiza\u00e7\u00e3o permanente de concursos no Poder Judici\u00e1rio mineiro. Fruto da luta da categoria junto ao TJMG, desde 2019 foram nomeados mais de 1400 aprovados no Concurso 01\/2017. Al\u00e9m disso, est\u00e1 em andamento o concurso p\u00fablico para os cargos de Analista Judici\u00e1rio, especialidades Psic\u00f3logo e Assistente Social, e Oficial Judici\u00e1rio, especialidade Oficial de Justi\u00e7a. Agora, com a realiza\u00e7\u00e3o de novo certame, o Tribunal ter\u00e1 concurso v\u00e1lido para todos os cargos e especialidades.<\/p>\n<p style=\"text-align: justify;\">Em compromisso com a categoria, o SERJUSMIG defende a garantia das condi\u00e7\u00f5es de trabalho para os servidores, buscando refor\u00e7ar a m\u00e3o de obra a partir da realiza\u00e7\u00e3o de concursos p\u00fablicos, diminuindo, assim, o ac\u00famulo de trabalho, resultando na melhoria dos servi\u00e7os ofertados ao cidad\u00e3o.<\/p>\n<p style=\"text-align: justify;\">\u201cDurante as reuni\u00f5es de negocia\u00e7\u00e3o, refor\u00e7amos a import\u00e2ncia de concursos p\u00fablicos v\u00e1lidos para todos os cargos e especialidades do TJMG, possibilitando que a necessidade da for\u00e7a de trabalho nas comarcas seja suprida\u201d, afirmou Eduardo Couto, presidente do SERJUSMIG e coordenador de assuntos parlamentares da FENAJUD.<\/p>\n<p style=\"text-align: justify;\">O Sindicato refor\u00e7a, ainda, a import\u00e2ncia do servidor p\u00fablico concursado e est\u00e1vel para a qualidade da presta\u00e7\u00e3o de servi\u00e7os \u00e0 popula\u00e7\u00e3o. A estabilidade evita a rotatividade de trabalhadores no setor p\u00fablico, o que contribui para a continuidade dos servi\u00e7os prestados. Lado outro, o servidor p\u00fablico que possui estabilidade est\u00e1 menos propenso a cumprir ordens ilegais ou pactuar com outras formas de desvio de finalidade.<\/p>\n<p style=\"text-align: justify;\">Recentemente o SERJUSMIG e a FENAJUD, juntamente com outras entidades, travaram uma luta hist\u00f3rica e vitoriosa em Bras\u00edlia contra a Proposta de Emenda \u00e0 Constitui\u00e7\u00e3o n\u00ba 32\/2020 (PEC 32). A proposta pretendia, dentre outros retrocessos, reduzir drasticamente a estabilidade dos servidores p\u00fablicos, resgatando um passado de apadrinhamento pol\u00edtico, onde o funcionalismo era instrumento para negociatas, aloca\u00e7\u00f5es de aliados e cabos eleitorais.<\/p>\n<p style=\"text-align: justify;\">Em nota t\u00e9cnica, o Departamento Intersindical de Estat\u00edstica e Estudos Socioecon\u00f4micos &#8211; Dieese afirma que a redu\u00e7\u00e3o da estabilidade pode implicar em descontinuidade da presta\u00e7\u00e3o do servi\u00e7o p\u00fablico, perda da mem\u00f3ria t\u00e9cnica, dificuldade de planejamento a longo prazo, rompimento do fluxo de informa\u00e7\u00f5es e uso indevido do poder pol\u00edtico para fins particulares eleitoreiros e n\u00e3o para fins de interesse p\u00fablico.<\/p>\n<p style=\"text-align: justify;\">O SERJUSMIG permanecer\u00e1 firme na luta pelo concurso p\u00fablico no Poder Judici\u00e1rio mineiro e na defesa inegoci\u00e1vel da estabilidade dos Servidores e Servidoras, al\u00e9m de acompanhar todas as fases do concurso regido pelo edital 01\/2022 e do novo concurso anunciado.<br \/>\u00a0<\/p>\n<p style=\"text-align: justify;\">\u00a0<\/p>\n<p style=\"text-align: justify;\"><em><strong>SERJUSMIG<\/strong><br \/>Unir, Lutar e Vencer<\/em><\/p>","protected":false},"excerpt":{"rendered":"<p>n\/a<\/p>\n","protected":false},"author":1,"featured_media":23399,"comment_status":"open","ping_status":"open","sticky":false,"template":"","format":"standard","meta":{"_acf_changed":false,"cybocfi_hide_featured_image":"yes","footnotes":""},"categories":[1],"tags":[],"class_list":["post-10973","post","type-post","status-publish","format-standard","has-post-thumbnail","hentry","category-sem-categoria"],"acf":{"chapeu_post":""},"_links":{"self":[{"href":"https:\/\/br01.clst1804.huntidata.com.br\/~serjusmigorg\/wp-json\/wp\/v2\/posts\/10973","targetHints":{"allow":["GET"]}}],"collection":[{"href":"https:\/\/br01.clst1804.huntidata.com.br\/~serjusmigorg\/wp-json\/wp\/v2\/posts"}],"about":[{"href":"https:\/\/br01.clst1804.huntidata.com.br\/~serjusmigorg\/wp-json\/wp\/v2\/types\/post"}],"author":[{"embeddable":true,"href":"https:\/\/br01.clst1804.huntidata.com.br\/~serjusmigorg\/wp-json\/wp\/v2\/users\/1"}],"replies":[{"embeddable":true,"href":"https:\/\/br01.clst1804.huntidata.com.br\/~serjusmigorg\/wp-json\/wp\/v2\/comments?post=10973"}],"version-history":[{"count":1,"href":"https:\/\/br01.clst1804.huntidata.com.br\/~serjusmigorg\/wp-json\/wp\/v2\/posts\/10973\/revisions"}],"predecessor-version":[{"id":23400,"href":"https:\/\/br01.clst1804.huntidata.com.br\/~serjusmigorg\/wp-json\/wp\/v2\/posts\/10973\/revisions\/23400"}],"wp:featuredmedia":[{"embeddable":true,"href":"https:\/\/br01.clst1804.huntidata.com.br\/~serjusmigorg\/wp-json\/wp\/v2\/media\/23399"}],"wp:attachment":[{"href":"https:\/\/br01.clst1804.huntidata.com.br\/~serjusmigorg\/wp-json\/wp\/v2\/media?parent=10973"}],"wp:term":[{"taxonomy":"category","embeddable":true,"href":"https:\/\/br01.clst1804.huntidata.com.br\/~serjusmigorg\/wp-json\/wp\/v2\/categories?post=10973"},{"taxonomy":"post_tag","embeddable":true,"href":"https:\/\/br01.clst1804.huntidata.com.br\/~serjusmigorg\/wp-json\/wp\/v2\/tags?post=10973"}],"curies":[{"name":"wp","href":"https:\/\/api.w.org\/{rel}","templated":true}]}}