{"id":10974,"date":"2023-03-21T14:55:00","date_gmt":"2023-03-21T14:55:00","guid":{"rendered":"https:\/\/pecorari-cloudbr722.pecoraricloud.com.br\/~serjusmigorg\/nota-de-falecimento-comarca-de-montes-claros-4\/"},"modified":"2026-09-03T17:00:00","modified_gmt":"2026-09-03T20:00:00","slug":"nota-de-falecimento-comarca-de-montes-claros-4","status":"publish","type":"post","link":"https:\/\/br01.clst1804.huntidata.com.br\/~serjusmigorg\/nota-de-falecimento-comarca-de-montes-claros-4\/","title":{"rendered":"Nota de falecimento \u2013 Comarca de Montes Claros"},"content":{"rendered":"\n<figure class=\"wp-block-image size-full\"><img fetchpriority=\"high\" decoding=\"async\" width=\"418\" height=\"315\" src=\"https:\/\/br01.clst1804.huntidata.com.br\/~serjusmigorg\/wp-content\/uploads\/2023\/01\/137703f1beefe6327d000400546882dcf959d0a7.jpg\" alt=\"\" class=\"wp-image-23266\" srcset=\"https:\/\/br01.clst1804.huntidata.com.br\/~serjusmigorg\/wp-content\/uploads\/2023\/01\/137703f1beefe6327d000400546882dcf959d0a7.jpg 418w, https:\/\/br01.clst1804.huntidata.com.br\/~serjusmigorg\/wp-content\/uploads\/2023\/01\/137703f1beefe6327d000400546882dcf959d0a7-300x225.jpg 300w, https:\/\/br01.clst1804.huntidata.com.br\/~serjusmigorg\/wp-content\/uploads\/2023\/01\/137703f1beefe6327d000400546882dcf959d0a7-370x279.jpg 370w\" sizes=\"(max-width: 600px) 100vw, 418px\" \/><\/figure>\n\n\n<p>&nbsp;<\/p>\n<p style=\"text-align: justify;\">Com pesar, o SERJUSMIG informa o falecimento, nesta ter\u00e7a-feira (21), do servidor aposentado da 1\u00aa Vara C\u00edvel de Montes Claros, no Norte de Minas, <strong>La\u00e9rcio Ant\u00f4nio Lopes<\/strong>.\u00a0<\/p>\n<p style=\"text-align: justify;\">O vel\u00f3rio foi realizado na Santa Casa. Enterro acontece no Cemit\u00e9rio do Bonfim.\u00a0<\/p>\n<p style=\"text-align: justify;\">Aos familiares, amigos e colegas de trabalho, nossos mais sentidos p\u00easames.\u00a0<\/p>","protected":false},"excerpt":{"rendered":"<p>n\/a<\/p>\n","protected":false},"author":1,"featured_media":23266,"comment_status":"open","ping_status":"open","sticky":false,"template":"","format":"standard","meta":{"_acf_changed":false,"cybocfi_hide_featured_image":"yes","footnotes":""},"categories":[423],"tags":[],"class_list":["post-10974","post","type-post","status-publish","format-standard","has-post-thumbnail","hentry","category-nota-de-falecimento"],"acf":{"chapeu_post":""},"_links":{"self":[{"href":"https:\/\/br01.clst1804.huntidata.com.br\/~serjusmigorg\/wp-json\/wp\/v2\/posts\/10974","targetHints":{"allow":["GET"]}}],"collection":[{"href":"https:\/\/br01.clst1804.huntidata.com.br\/~serjusmigorg\/wp-json\/wp\/v2\/posts"}],"about":[{"href":"https:\/\/br01.clst1804.huntidata.com.br\/~serjusmigorg\/wp-json\/wp\/v2\/types\/post"}],"author":[{"embeddable":true,"href":"https:\/\/br01.clst1804.huntidata.com.br\/~serjusmigorg\/wp-json\/wp\/v2\/users\/1"}],"replies":[{"embeddable":true,"href":"https:\/\/br01.clst1804.huntidata.com.br\/~serjusmigorg\/wp-json\/wp\/v2\/comments?post=10974"}],"version-history":[{"count":1,"href":"https:\/\/br01.clst1804.huntidata.com.br\/~serjusmigorg\/wp-json\/wp\/v2\/posts\/10974\/revisions"}],"predecessor-version":[{"id":23398,"href":"https:\/\/br01.clst1804.huntidata.com.br\/~serjusmigorg\/wp-json\/wp\/v2\/posts\/10974\/revisions\/23398"}],"wp:featuredmedia":[{"embeddable":true,"href":"https:\/\/br01.clst1804.huntidata.com.br\/~serjusmigorg\/wp-json\/wp\/v2\/media\/23266"}],"wp:attachment":[{"href":"https:\/\/br01.clst1804.huntidata.com.br\/~serjusmigorg\/wp-json\/wp\/v2\/media?parent=10974"}],"wp:term":[{"taxonomy":"category","embeddable":true,"href":"https:\/\/br01.clst1804.huntidata.com.br\/~serjusmigorg\/wp-json\/wp\/v2\/categories?post=10974"},{"taxonomy":"post_tag","embeddable":true,"href":"https:\/\/br01.clst1804.huntidata.com.br\/~serjusmigorg\/wp-json\/wp\/v2\/tags?post=10974"}],"curies":[{"name":"wp","href":"https:\/\/api.w.org\/{rel}","templated":true}]}}