{"id":10975,"date":"2023-03-22T19:00:00","date_gmt":"2023-03-22T19:00:00","guid":{"rendered":"https:\/\/pecorari-cloudbr722.pecoraricloud.com.br\/~serjusmigorg\/orgao-especial-aprova-por-unanimidade-devolucao-da-contagem-de-tempo\/"},"modified":"2026-08-09T12:16:36","modified_gmt":"2026-08-09T15:16:36","slug":"orgao-especial-aprova-por-unanimidade-devolucao-da-contagem-de-tempo","status":"publish","type":"post","link":"https:\/\/br01.clst1804.huntidata.com.br\/~serjusmigorg\/orgao-especial-aprova-por-unanimidade-devolucao-da-contagem-de-tempo\/","title":{"rendered":"\u00d3rg\u00e3o Especial aprova por unanimidade devolu\u00e7\u00e3o da contagem de tempo"},"content":{"rendered":"\n<figure class=\"wp-block-image size-full\"><img fetchpriority=\"high\" decoding=\"async\" width=\"570\" height=\"320\" src=\"https:\/\/br01.clst1804.huntidata.com.br\/~serjusmigorg\/wp-content\/uploads\/2023\/03\/5fb4023ac418bbd53e71140e0692ae8fbbd99007.jpg\" alt=\"\" class=\"wp-image-23396\" srcset=\"https:\/\/br01.clst1804.huntidata.com.br\/~serjusmigorg\/wp-content\/uploads\/2023\/03\/5fb4023ac418bbd53e71140e0692ae8fbbd99007.jpg 570w, https:\/\/br01.clst1804.huntidata.com.br\/~serjusmigorg\/wp-content\/uploads\/2023\/03\/5fb4023ac418bbd53e71140e0692ae8fbbd99007-300x168.jpg 300w, https:\/\/br01.clst1804.huntidata.com.br\/~serjusmigorg\/wp-content\/uploads\/2023\/03\/5fb4023ac418bbd53e71140e0692ae8fbbd99007-370x208.jpg 370w, https:\/\/br01.clst1804.huntidata.com.br\/~serjusmigorg\/wp-content\/uploads\/2023\/03\/5fb4023ac418bbd53e71140e0692ae8fbbd99007-270x152.jpg 270w\" sizes=\"(max-width: 600px) 100vw, 570px\" \/><\/figure>\n\n\n<p>&nbsp;<\/p>\n<p style=\"text-align: justify;\">Em sess\u00e3o ordin\u00e1ria realizada nesta quarta-feira, dia 22 de mar\u00e7o, o \u00d3rg\u00e3o Especial do Tribunal de Justi\u00e7a de Minas Gerais (TJMG) aprovou, por unanimidade, o restabelecimento da contagem de tempo de servi\u00e7o, do per\u00edodo suspenso pela Lei Complementar 173\/2020, com efeitos financeiros a partir de janeiro de 2022.\u00a0<\/p>\n<p style=\"text-align: justify;\">Conforme apurado pelos sindicatos, os desembargadores votaram por seguir o entendimento firmado pelo Tribunal de Contas do Estado (TCE\/MG). Ap\u00f3s a aprova\u00e7\u00e3o pelo \u00d3rg\u00e3o Especial, as publica\u00e7\u00f5es come\u00e7ar\u00e3o a ser feitas para garantir a contabiliza\u00e7\u00e3o do tempo congelado e os respectivos pagamentos, com previs\u00e3o de conclus\u00e3o de todas as publica\u00e7\u00f5es em at\u00e9 60 (sessenta) dias.<\/p>\n<p style=\"text-align: justify;\">\u00a0<\/p>\n<p style=\"text-align: justify;\"><strong>ADE e remunera\u00e7\u00f5es<\/strong><\/p>\n<p style=\"text-align: justify;\">Outro tema de interesse da categoria, apreciado e aprovado na sess\u00e3o desta quarta, foi a mudan\u00e7a da Resolu\u00e7\u00e3o 634\/2010. A altera\u00e7\u00e3o permitir\u00e1 aos servidores, para fins de c\u00e1lculo da remunera\u00e7\u00e3o, o aproveitamento de adicional de desempenho (ADE) adquirido quando da ocupa\u00e7\u00e3o pregressa de outros cargos p\u00fablicos do Estado de Minas Gerais, civis ou militares. A medida atende a reivindica\u00e7\u00e3o do SERJSUMIG,\u00a0apresentada em reuni\u00f5es de negocia\u00e7\u00e3o e por meio de of\u00edcio.<\/p>\n<p><strong><a href=\"https:\/\/www.serjusmig.org.br\/uploads\/antigo\/oficios\/OF.75%20ADICIONAL%20DE%20DESEMPENHO%20(1)_removed%20(1).pdf\">ACESSE AQUI OF\u00cdCIO PROTOCOLADO EM 09\/2022<\/a><\/strong><\/p>\n<p style=\"text-align: justify;\">A sess\u00e3o do \u00d3rg\u00e3o Especial foi realizada de modo virtual, inviabilizando o acompanhamento <em>in loco<\/em> pelos sindicatos. De todo modo, os representantes dos trabalhadores estiveram presentes no Tribunal, apurando informa\u00e7\u00f5es sobre as delibera\u00e7\u00f5es. Maiores detalhes ser\u00e3o divulgados quando da publica\u00e7\u00e3o do resultado da vota\u00e7\u00e3o.<\/p>\n<p style=\"text-align: justify;\">\u00a0<\/p>\n<p style=\"text-align: center;\"><img decoding=\"async\" class=\"aligncenter  wp-image-23395\" src=\"https:\/\/br01.clst1804.huntidata.com.br\/~serjusmigorg\/wp-content\/uploads\/2023\/03\/Orgao-Especial-22-de-marco-de-2023.jpeg\" alt=\"\" width=\"544\" height=\"306\" srcset=\"https:\/\/br01.clst1804.huntidata.com.br\/~serjusmigorg\/wp-content\/uploads\/2023\/03\/Orgao-Especial-22-de-marco-de-2023.jpeg 1280w, https:\/\/br01.clst1804.huntidata.com.br\/~serjusmigorg\/wp-content\/uploads\/2023\/03\/Orgao-Especial-22-de-marco-de-2023-300x169.jpeg 300w, https:\/\/br01.clst1804.huntidata.com.br\/~serjusmigorg\/wp-content\/uploads\/2023\/03\/Orgao-Especial-22-de-marco-de-2023-1024x576.jpeg 1024w, https:\/\/br01.clst1804.huntidata.com.br\/~serjusmigorg\/wp-content\/uploads\/2023\/03\/Orgao-Especial-22-de-marco-de-2023-768x432.jpeg 768w, https:\/\/br01.clst1804.huntidata.com.br\/~serjusmigorg\/wp-content\/uploads\/2023\/03\/Orgao-Especial-22-de-marco-de-2023-370x208.jpeg 370w, https:\/\/br01.clst1804.huntidata.com.br\/~serjusmigorg\/wp-content\/uploads\/2023\/03\/Orgao-Especial-22-de-marco-de-2023-1080x608.jpeg 1080w, https:\/\/br01.clst1804.huntidata.com.br\/~serjusmigorg\/wp-content\/uploads\/2023\/03\/Orgao-Especial-22-de-marco-de-2023-865x487.jpeg 865w, https:\/\/br01.clst1804.huntidata.com.br\/~serjusmigorg\/wp-content\/uploads\/2023\/03\/Orgao-Especial-22-de-marco-de-2023-642x361.jpeg 642w, https:\/\/br01.clst1804.huntidata.com.br\/~serjusmigorg\/wp-content\/uploads\/2023\/03\/Orgao-Especial-22-de-marco-de-2023-270x152.jpeg 270w\" sizes=\"(max-width: 600px) 100vw, 544px\" \/><span style=\"font-size: 12px;\"><em>Dirigentes do SERJUSMIG durante vota\u00e7\u00e3o do \u00d3rg\u00e3o Especial<br \/>A partir da esquerda: Rui Viana, Felipe Galego, Willer Ferreira e Ronaldo Ribeiro Jr.<\/em><\/span><br \/>\u00a0<\/p>\n<p style=\"text-align: justify;\"><strong>Congelamento na pandemia<\/strong><\/p>\n<p style=\"text-align: justify;\">As contagens de tempo para fins de quinqu\u00eanio, trinten\u00e1rio, f\u00e9rias-pr\u00eamio e outros direitos dos servidores p\u00fablicos haviam sido congeladas em todo o Brasil, no per\u00edodo de 28\/05\/2020 a 31\/12\/2021, por for\u00e7a da Lei Complementar 173\/2020. Reajustes salariais com ganho real tamb\u00e9m foram proibidos.<\/p>\n<p style=\"text-align: justify;\">A lei concedia aux\u00edlio federal a estados e munic\u00edpios no contexto da pandemia do novo Coronav\u00edrus. Na \u00e9poca, uma movimenta\u00e7\u00e3o do governo federal colocou no texto da lei o congelamento das contagens de tempo.\u00a0<\/p>\n<p style=\"text-align: justify;\">\u201cEm comum acordo com os Poderes, n\u00f3s chegamos \u00e0 conclus\u00e3o de que, congelando os proventos dos servidores, \u00e9 bom para o servidor e de extrema import\u00e2ncia para todos os 210 milh\u00f5es de habitantes\u201d, defendeu o ent\u00e3o presidente da Rep\u00fablica, Jair Bolsonaro.\u00a0<\/p>\n<p style=\"text-align: justify;\">\u00a0<\/p>\n<p style=\"text-align: justify;\"><strong>TCE: contagem deve ser devolvida<\/strong><\/p>\n<p style=\"text-align: justify;\">Em dezembro de 2022, um parecer aprovado pelo TCE restaurou a contagem de tempo dos servidores do Estado de Minas Gerais para fins de aquisi\u00e7\u00e3o de trinten\u00e1rio, quinqu\u00eanio e f\u00e9rias-pr\u00eamio.\u00a0<\/p>\n<p style=\"text-align: justify;\">A decis\u00e3o \u00e9 uma resposta \u00e0 consulta formulada pela C\u00e2mara Municipal de Po\u00e7o Fundo, questionando se o per\u00edodo de vig\u00eancia da LC 173 poderia ser computado para a carreira dos servidores. Nas discuss\u00f5es, o conselheiro Durval \u00c2ngelo abriu diverg\u00eancia em seu voto e acrescentou o entendimento de que a contagem de tempo tamb\u00e9m deveria ser computada para aquisi\u00e7\u00e3o dos referidos adicionais.<\/p>\n<p style=\"text-align: justify;\">Os dirigentes dos Sindicatos dos Servidores do Poder Judici\u00e1rio, unidos a entidades representativas de outras categorias, <a href=\"https:\/\/www.serjusmig.org.br\/tce-aprova-devolucao-da-contagem-de-tempo-para-quinquenio-trintenario-e-ferias-premio\">acompanharam toda a tramita\u00e7\u00e3o da consulta no TCE\/MG, realizando as articula\u00e7\u00f5es necess\u00e1rias para a corre\u00e7\u00e3o dessa injusti\u00e7a<\/a>.<\/p>\n<p style=\"text-align: justify;\">As entidades tamb\u00e9m vinham cobrando da Dire\u00e7\u00e3o do Tribunal, por interm\u00e9dio de of\u00edcios e tamb\u00e9m em todas as reuni\u00f5es da mesa\u00a0de negocia\u00e7\u00e3o, a ado\u00e7\u00e3o da decis\u00e3o do TCE, conforme j\u00e1 havia sido feito no \u00e2mbito do Minist\u00e9rio P\u00fablico do Estado de Minas Gerais (MPMG).<\/p>\n<p style=\"text-align: justify;\">\u00a0<\/p>\n<p style=\"text-align: justify;\"><strong>A luta continua<\/strong><\/p>\n<p style=\"text-align: justify;\">\u201cA restaura\u00e7\u00e3o da contagem de tempo tem exigido dos sindicatos um grande esfor\u00e7o de articula\u00e7\u00e3o e press\u00e3o. Ela precisa ser implementada urgentemente, pois corrige uma injusti\u00e7a imposta aos trabalhadores do setor p\u00fablico, que n\u00e3o deixaram de trabalhar um dia sequer durante a pandemia. Agora, seguiremos acompanhando e cobrando uma \u00e1gil implementa\u00e7\u00e3o do direito, com os devidos pagamentos\u201d, afirma Eduardo Couto, presidente do SERJUSMIG.<\/p>\n<p style=\"text-align: justify;\">\u00a0<\/p>\n<p style=\"text-align: justify;\"><em><strong>SERJUSMIG<\/strong><br \/>Unir, Lutar e Vencer!<\/em><\/p>","protected":false},"excerpt":{"rendered":"<p>n\/a<\/p>\n","protected":false},"author":1,"featured_media":23396,"comment_status":"open","ping_status":"open","sticky":false,"template":"","format":"standard","meta":{"_acf_changed":false,"cybocfi_hide_featured_image":"yes","footnotes":""},"categories":[1],"tags":[],"class_list":["post-10975","post","type-post","status-publish","format-standard","has-post-thumbnail","hentry","category-sem-categoria"],"acf":{"chapeu_post":""},"_links":{"self":[{"href":"https:\/\/br01.clst1804.huntidata.com.br\/~serjusmigorg\/wp-json\/wp\/v2\/posts\/10975","targetHints":{"allow":["GET"]}}],"collection":[{"href":"https:\/\/br01.clst1804.huntidata.com.br\/~serjusmigorg\/wp-json\/wp\/v2\/posts"}],"about":[{"href":"https:\/\/br01.clst1804.huntidata.com.br\/~serjusmigorg\/wp-json\/wp\/v2\/types\/post"}],"author":[{"embeddable":true,"href":"https:\/\/br01.clst1804.huntidata.com.br\/~serjusmigorg\/wp-json\/wp\/v2\/users\/1"}],"replies":[{"embeddable":true,"href":"https:\/\/br01.clst1804.huntidata.com.br\/~serjusmigorg\/wp-json\/wp\/v2\/comments?post=10975"}],"version-history":[{"count":1,"href":"https:\/\/br01.clst1804.huntidata.com.br\/~serjusmigorg\/wp-json\/wp\/v2\/posts\/10975\/revisions"}],"predecessor-version":[{"id":23397,"href":"https:\/\/br01.clst1804.huntidata.com.br\/~serjusmigorg\/wp-json\/wp\/v2\/posts\/10975\/revisions\/23397"}],"wp:featuredmedia":[{"embeddable":true,"href":"https:\/\/br01.clst1804.huntidata.com.br\/~serjusmigorg\/wp-json\/wp\/v2\/media\/23396"}],"wp:attachment":[{"href":"https:\/\/br01.clst1804.huntidata.com.br\/~serjusmigorg\/wp-json\/wp\/v2\/media?parent=10975"}],"wp:term":[{"taxonomy":"category","embeddable":true,"href":"https:\/\/br01.clst1804.huntidata.com.br\/~serjusmigorg\/wp-json\/wp\/v2\/categories?post=10975"},{"taxonomy":"post_tag","embeddable":true,"href":"https:\/\/br01.clst1804.huntidata.com.br\/~serjusmigorg\/wp-json\/wp\/v2\/tags?post=10975"}],"curies":[{"name":"wp","href":"https:\/\/api.w.org\/{rel}","templated":true}]}}