{"id":10976,"date":"2023-03-23T18:24:00","date_gmt":"2023-03-23T18:24:00","guid":{"rendered":"https:\/\/pecorari-cloudbr722.pecoraricloud.com.br\/~serjusmigorg\/fenajud-e-sindicatos-se-reunem-em-juazeiro-e-debatem-pauta-importante-para-proximos-meses\/"},"modified":"2026-08-09T12:15:35","modified_gmt":"2026-08-09T15:15:35","slug":"fenajud-e-sindicatos-se-reunem-em-juazeiro-e-debatem-pauta-importante-para-proximos-meses","status":"publish","type":"post","link":"https:\/\/br01.clst1804.huntidata.com.br\/~serjusmigorg\/fenajud-e-sindicatos-se-reunem-em-juazeiro-e-debatem-pauta-importante-para-proximos-meses\/","title":{"rendered":"Fenajud e Sindicatos se reunem em Juazeiro e debatem pauta importante para pr\u00f3ximos meses"},"content":{"rendered":"\n<figure class=\"wp-block-image size-full\"><img fetchpriority=\"high\" decoding=\"async\" width=\"702\" height=\"459\" src=\"https:\/\/br01.clst1804.huntidata.com.br\/~serjusmigorg\/wp-content\/uploads\/2023\/03\/de7337eeb69fb59a00e9bb0a563be571144a7573.jpg\" alt=\"\" class=\"wp-image-23392\" srcset=\"https:\/\/br01.clst1804.huntidata.com.br\/~serjusmigorg\/wp-content\/uploads\/2023\/03\/de7337eeb69fb59a00e9bb0a563be571144a7573.jpg 702w, https:\/\/br01.clst1804.huntidata.com.br\/~serjusmigorg\/wp-content\/uploads\/2023\/03\/de7337eeb69fb59a00e9bb0a563be571144a7573-300x196.jpg 300w, https:\/\/br01.clst1804.huntidata.com.br\/~serjusmigorg\/wp-content\/uploads\/2023\/03\/de7337eeb69fb59a00e9bb0a563be571144a7573-370x242.jpg 370w, https:\/\/br01.clst1804.huntidata.com.br\/~serjusmigorg\/wp-content\/uploads\/2023\/03\/de7337eeb69fb59a00e9bb0a563be571144a7573-642x420.jpg 642w, https:\/\/br01.clst1804.huntidata.com.br\/~serjusmigorg\/wp-content\/uploads\/2023\/03\/de7337eeb69fb59a00e9bb0a563be571144a7573-344x225.jpg 344w\" sizes=\"(max-width: 702px) 100vw, 702px\" \/><\/figure>\n\n\n<p>&nbsp;<\/p>\n<p style=\"text-align: justify;\">Atividade foi realizada nos dias 15 e 16 de mar\u00e7o, em Juazeiro (BA). Na oportunidade diversos temas foram pautados, entre eles, est\u00e3o: a retomada da luta em defesa da PEC 555\/06, a Negocia\u00e7\u00e3o Coletiva no Servi\u00e7o P\u00fablico e a\u00e7\u00f5es efetivas contra o racismo.<\/p>\n<p style=\"text-align: justify;\">Dois dias construtivos e de intensos debates, assim o Conselho de Representantes da Fenajud \u2013 Federa\u00e7\u00e3o Nacional dos Trabalhadores do Judici\u00e1rio nos Estados, realizado nos dias 15 e 16 de mar\u00e7o de 2023, pode ser definido. Com a participa\u00e7\u00e3o de dirigentes de Sindicatos afiliados de todas as regi\u00f5es, os dirigentes se debru\u00e7aram sobre a pauta apresentada pela entidade e pelos sindicatos de base, entre eles, est\u00e3o: a retomada da luta em defesa da PEC 555\/06, a Negocia\u00e7\u00e3o Coletiva no Servi\u00e7o P\u00fablico e a\u00e7\u00f5es efetivas contra o racismo. A atividade antecedeu o Curso de Forma\u00e7\u00e3o Sindical, a ser realizado na mesma cidade at\u00e9 amanh\u00e3 (18).<\/p>\n<p style=\"text-align: justify;\">Estiveram presentes: Sindijudici\u00e1rio; Sindijus; Serjusmig; Sintjam; Sindjusti\u00e7a-CE; Sinsjusto; Sinjusc; Sinjus-MG; Sindjusti\u00e7a-RN; Sinjur-RO; Sindjusti\u00e7a-RJ; Sindjus-RS; Sintaj-BA; Sintaj-PB e Sindjud-PE.<\/p>\n<p style=\"text-align: justify;\">No primeiro dia as\/os participantes contaram com duas importantes mesas. O primeiro t\u00f3pico a ser abordado foi a \u201cNegocia\u00e7\u00e3o Coletiva no Servi\u00e7o P\u00fablico\u201d, pela Dra. Zilmara Alencar, por meio de videoconfer\u00eancia. A advogada falou sobre as atuais discuss\u00f5es que envolvem a negocia\u00e7\u00e3o coletiva e propostas de altera\u00e7\u00e3o na legisla\u00e7\u00e3o do movimento sindical, que est\u00e3o sendo discutidas principalmente pelas centrais sindicais.<\/p>\n<p style=\"text-align: justify;\">A tarde, ocorreu a mesa \u201cRacismo estrutural e a Nova Lei Antirracismo\u201d com dois palestrantes, Cleifson Dias e Lia Ara\u00fajo. Os especialistas falaram sobre o que mudou com a nova lei e como o debate da pauta de ra\u00e7a precisa ser cada dia mais presente nos debates das entidades representativas, promovendo assim discuss\u00f5es cada vez mais amplas nos ambientes de trabalho e nos ambientes sindicais.<\/p>\n<p style=\"text-align: justify;\">\u00a0<\/p>\n<p style=\"text-align: justify;\"><strong>ENCAMINHAMENTOS<\/strong><\/p>\n<p style=\"text-align: justify;\">O segundo dia foi dedicado aos sindicatos de base, com espa\u00e7o exclusivo para que pudessem apresentar as pautas locais, a situa\u00e7\u00e3o pol\u00edtica e de luta que veem enfrentando nos \u00faltimos meses. As entidades apresentaram algumas pautas importantes, dentre elas: a retomada PEC 555\/06 \u2013 que trata da extin\u00e7\u00e3o da contribui\u00e7\u00e3o previdenci\u00e1ria dos aposentados. O t\u00f3pico foi retomado no debate a pedido do Sindjusti\u00e7a-RJ e foi apoiado pelas demais entidades. Dessa forma, ficou definido que a Federa\u00e7\u00e3o, por meio da Coordena\u00e7\u00e3o de Assuntos Parlamentares, vai solicitar o apoio da frente parlamentar mista do servi\u00e7o p\u00fablico, que ser\u00e1 relan\u00e7ada em breve.<\/p>\n<p style=\"text-align: justify;\">\u00a0<\/p>\n<p style=\"text-align: justify;\"><strong>APOIO AOS TRABALHADORES<\/strong><\/p>\n<p style=\"text-align: justify;\">A Fenajud e os Sindicatos presentes, tamb\u00e9m prestaram apoio aos servidores do Tribunal de Justi\u00e7a do Estado da Bahia (TJBA), representados pelo Sindicato dos Servidores dos Servi\u00e7os Auxiliares do Poder Judici\u00e1rio do Estado da Bahia (Sintaj) \u2013 que seguem em paralisa\u00e7\u00e3o por 24 horas em todas as unidades do Poder Judici\u00e1rio da Bahia, em ato p\u00fablico em frente ao f\u00f3rum de Juazeiro-BA. O movimento se deu devido \u00e0 aus\u00eancia de compromisso do TJBA com a categoria e diante \u00e0 negativa de direitos.<\/p>\n<p style=\"text-align: justify;\">Entre os temas a categoria segue em busca de solu\u00e7\u00f5es est\u00e3o: a Progress\u00e3o Funcional por merecimento anterior a 2013; o retorno do abono pecuni\u00e1rio extinto em 2015 e restabelecido apenas para os magistrados; o Aux\u00edlio-sa\u00fade para aposentados, aposentadas e pensionistas que, desde julho de 2021, vem sendo negado e a recomposi\u00e7\u00e3o salarial, cuja defasagem persiste desde 2016, estando em 50,55% o acumulado.<\/p>\n<p style=\"text-align: justify;\">\u00a0<\/p>\n<p style=\"text-align: justify;\"><strong>Fonte:\u00a0<\/strong><a href=\"https:\/\/fenajud.org.br\/?p=13754\">Fenajud<\/a><\/p>","protected":false},"excerpt":{"rendered":"<p>n\/a<\/p>\n","protected":false},"author":1,"featured_media":23392,"comment_status":"open","ping_status":"open","sticky":false,"template":"","format":"standard","meta":{"_acf_changed":false,"cybocfi_hide_featured_image":"yes","footnotes":""},"categories":[1],"tags":[],"class_list":["post-10976","post","type-post","status-publish","format-standard","has-post-thumbnail","hentry","category-sem-categoria"],"acf":{"chapeu_post":""},"_links":{"self":[{"href":"https:\/\/br01.clst1804.huntidata.com.br\/~serjusmigorg\/wp-json\/wp\/v2\/posts\/10976","targetHints":{"allow":["GET"]}}],"collection":[{"href":"https:\/\/br01.clst1804.huntidata.com.br\/~serjusmigorg\/wp-json\/wp\/v2\/posts"}],"about":[{"href":"https:\/\/br01.clst1804.huntidata.com.br\/~serjusmigorg\/wp-json\/wp\/v2\/types\/post"}],"author":[{"embeddable":true,"href":"https:\/\/br01.clst1804.huntidata.com.br\/~serjusmigorg\/wp-json\/wp\/v2\/users\/1"}],"replies":[{"embeddable":true,"href":"https:\/\/br01.clst1804.huntidata.com.br\/~serjusmigorg\/wp-json\/wp\/v2\/comments?post=10976"}],"version-history":[{"count":1,"href":"https:\/\/br01.clst1804.huntidata.com.br\/~serjusmigorg\/wp-json\/wp\/v2\/posts\/10976\/revisions"}],"predecessor-version":[{"id":23394,"href":"https:\/\/br01.clst1804.huntidata.com.br\/~serjusmigorg\/wp-json\/wp\/v2\/posts\/10976\/revisions\/23394"}],"wp:featuredmedia":[{"embeddable":true,"href":"https:\/\/br01.clst1804.huntidata.com.br\/~serjusmigorg\/wp-json\/wp\/v2\/media\/23392"}],"wp:attachment":[{"href":"https:\/\/br01.clst1804.huntidata.com.br\/~serjusmigorg\/wp-json\/wp\/v2\/media?parent=10976"}],"wp:term":[{"taxonomy":"category","embeddable":true,"href":"https:\/\/br01.clst1804.huntidata.com.br\/~serjusmigorg\/wp-json\/wp\/v2\/categories?post=10976"},{"taxonomy":"post_tag","embeddable":true,"href":"https:\/\/br01.clst1804.huntidata.com.br\/~serjusmigorg\/wp-json\/wp\/v2\/tags?post=10976"}],"curies":[{"name":"wp","href":"https:\/\/api.w.org\/{rel}","templated":true}]}}