{"id":10977,"date":"2023-03-23T18:25:00","date_gmt":"2023-03-23T18:25:00","guid":{"rendered":"https:\/\/pecorari-cloudbr722.pecoraricloud.com.br\/~serjusmigorg\/fenajud-e-sindicatos-vivem-experiencia-social-em-curso-de-formacao-da-renaf\/"},"modified":"2026-08-09T12:14:04","modified_gmt":"2026-08-09T15:14:04","slug":"fenajud-e-sindicatos-vivem-experiencia-social-em-curso-de-formacao-da-renaf","status":"publish","type":"post","link":"https:\/\/br01.clst1804.huntidata.com.br\/~serjusmigorg\/fenajud-e-sindicatos-vivem-experiencia-social-em-curso-de-formacao-da-renaf\/","title":{"rendered":"Fenajud e Sindicatos vivem experi\u00eancia social em Curso de Forma\u00e7\u00e3o da RENAF"},"content":{"rendered":"\n<figure class=\"wp-block-image size-full\"><img fetchpriority=\"high\" decoding=\"async\" width=\"702\" height=\"459\" src=\"https:\/\/br01.clst1804.huntidata.com.br\/~serjusmigorg\/wp-content\/uploads\/2023\/03\/fa785fac939da62126f8fd02708b747b7c5f7944.jpg\" alt=\"\" class=\"wp-image-23390\" srcset=\"https:\/\/br01.clst1804.huntidata.com.br\/~serjusmigorg\/wp-content\/uploads\/2023\/03\/fa785fac939da62126f8fd02708b747b7c5f7944.jpg 702w, https:\/\/br01.clst1804.huntidata.com.br\/~serjusmigorg\/wp-content\/uploads\/2023\/03\/fa785fac939da62126f8fd02708b747b7c5f7944-300x196.jpg 300w, https:\/\/br01.clst1804.huntidata.com.br\/~serjusmigorg\/wp-content\/uploads\/2023\/03\/fa785fac939da62126f8fd02708b747b7c5f7944-370x242.jpg 370w, https:\/\/br01.clst1804.huntidata.com.br\/~serjusmigorg\/wp-content\/uploads\/2023\/03\/fa785fac939da62126f8fd02708b747b7c5f7944-642x420.jpg 642w, https:\/\/br01.clst1804.huntidata.com.br\/~serjusmigorg\/wp-content\/uploads\/2023\/03\/fa785fac939da62126f8fd02708b747b7c5f7944-344x225.jpg 344w\" sizes=\"(max-width: 702px) 100vw, 702px\" \/><\/figure>\n\n\n<p>&nbsp;<\/p>\n<p style=\"text-align: justify;\"><em><strong>Atividade teve in\u00edcio em Juazeiro (BA), com um Curso da RENAF, e foi conclu\u00edda em Canudos, com visita\u00e7\u00e3o in loco. Cerca de 14 sindicatos, de diferentes regi\u00f5es do pa\u00eds, participaram da atividade.<\/strong><\/em><\/p>\n<p style=\"text-align: justify;\">Entre os dias 16 e 18 de mar\u00e7o as coordenadoras\/es da Fenajud e de catorze sindicatos afiliados estiveram no Curso de Forma\u00e7\u00e3o da RENAF \u2013 Rede Nacional de Forma\u00e7\u00e3o da Fenajud, que teve como tema \u201cLutas Populares e Opress\u00e3o do Estado\u201d. A atividade, que \u00e9 uma parceria da Federa\u00e7\u00e3o com o Fazendo Escola e o Sintaj-BA, se dar\u00e1 em tr\u00eas etapas, sendo esta a primeira e a proposta \u00e9 levar as dire\u00e7\u00f5es a uma verdadeira imers\u00e3o nos lugares onde as lutas populares e sociais aconteceram.<\/p>\n<p style=\"text-align: justify;\">No primeiro momento da forma\u00e7\u00e3o houve uma contextualiza\u00e7\u00e3o hist\u00f3rico-pol\u00edtica e o aprofundamento do tema por meio das palestras do Doutor Paulo Pinheiro Machado (UFSC), do fotojornalista, Roberto Arrais, do pesquisador do IHGRS, Carlos Perrone Jobim J\u00fanior, da Doutora M\u00e1rcia Janete Espig (UFPel) e do militante do Movimento Popular Hist\u00f3rico de Canudos, Enoque Jos\u00e9 de Oliveira.<\/p>\n<p style=\"text-align: justify;\">Na segunda parte, os dirigentes que participaram do curso foram levados at\u00e9 o local onde aconteceu a Guerra de Canudos no sert\u00e3o baiano para visualizar a regi\u00e3o, perceber o clima e tentar imaginar como era a vida daquele agrupamento de trabalhadoras e trabalhadores rurais que resistiu por tanto tempo \u00e0 diversas for\u00e7as de repress\u00e3o estatal.<\/p>\n<p style=\"text-align: justify;\">\u00a0<\/p>\n<p style=\"text-align: justify;\"><strong>Pr\u00f3ximas etapas<\/strong><\/p>\n<p style=\"text-align: justify;\">O Curso da RENAF seguir\u00e1 e acontecer\u00e1 em tr\u00eas etapas. A expectativa \u00e9 que as duas etapas seguintes ocorram em Santa Catarina e no Rio Grande do Sul \u2013 ainda sem data definida.<\/p>\n<p style=\"text-align: justify;\">\u00a0<\/p>\n<p style=\"text-align: justify;\"><strong>Fonte:\u00a0<\/strong><a href=\"https:\/\/fenajud.org.br\/?p=13764\">Fenajud<\/a><\/p>","protected":false},"excerpt":{"rendered":"<p>n\/a<\/p>\n","protected":false},"author":1,"featured_media":23390,"comment_status":"open","ping_status":"open","sticky":false,"template":"","format":"standard","meta":{"_acf_changed":false,"cybocfi_hide_featured_image":"yes","footnotes":""},"categories":[1],"tags":[],"class_list":["post-10977","post","type-post","status-publish","format-standard","has-post-thumbnail","hentry","category-sem-categoria"],"acf":{"chapeu_post":""},"_links":{"self":[{"href":"https:\/\/br01.clst1804.huntidata.com.br\/~serjusmigorg\/wp-json\/wp\/v2\/posts\/10977","targetHints":{"allow":["GET"]}}],"collection":[{"href":"https:\/\/br01.clst1804.huntidata.com.br\/~serjusmigorg\/wp-json\/wp\/v2\/posts"}],"about":[{"href":"https:\/\/br01.clst1804.huntidata.com.br\/~serjusmigorg\/wp-json\/wp\/v2\/types\/post"}],"author":[{"embeddable":true,"href":"https:\/\/br01.clst1804.huntidata.com.br\/~serjusmigorg\/wp-json\/wp\/v2\/users\/1"}],"replies":[{"embeddable":true,"href":"https:\/\/br01.clst1804.huntidata.com.br\/~serjusmigorg\/wp-json\/wp\/v2\/comments?post=10977"}],"version-history":[{"count":1,"href":"https:\/\/br01.clst1804.huntidata.com.br\/~serjusmigorg\/wp-json\/wp\/v2\/posts\/10977\/revisions"}],"predecessor-version":[{"id":23391,"href":"https:\/\/br01.clst1804.huntidata.com.br\/~serjusmigorg\/wp-json\/wp\/v2\/posts\/10977\/revisions\/23391"}],"wp:featuredmedia":[{"embeddable":true,"href":"https:\/\/br01.clst1804.huntidata.com.br\/~serjusmigorg\/wp-json\/wp\/v2\/media\/23390"}],"wp:attachment":[{"href":"https:\/\/br01.clst1804.huntidata.com.br\/~serjusmigorg\/wp-json\/wp\/v2\/media?parent=10977"}],"wp:term":[{"taxonomy":"category","embeddable":true,"href":"https:\/\/br01.clst1804.huntidata.com.br\/~serjusmigorg\/wp-json\/wp\/v2\/categories?post=10977"},{"taxonomy":"post_tag","embeddable":true,"href":"https:\/\/br01.clst1804.huntidata.com.br\/~serjusmigorg\/wp-json\/wp\/v2\/tags?post=10977"}],"curies":[{"name":"wp","href":"https:\/\/api.w.org\/{rel}","templated":true}]}}