{"id":10980,"date":"2023-03-28T14:17:00","date_gmt":"2023-03-28T14:17:00","guid":{"rendered":"https:\/\/pecorari-cloudbr722.pecoraricloud.com.br\/~serjusmigorg\/pv-2021-tjmg-publica-classificacao-preliminar\/"},"modified":"2026-08-09T12:11:09","modified_gmt":"2026-08-09T15:11:09","slug":"pv-2021-tjmg-publica-classificacao-preliminar","status":"publish","type":"post","link":"https:\/\/br01.clst1804.huntidata.com.br\/~serjusmigorg\/pv-2021-tjmg-publica-classificacao-preliminar\/","title":{"rendered":"PV 2021: luta sindical garante a promo\u00e7\u00e3o de 91,8% dos candidatos aptos"},"content":{"rendered":"\n<figure class=\"wp-block-image size-large\"><img fetchpriority=\"high\" decoding=\"async\" width=\"1024\" height=\"575\" src=\"https:\/\/br01.clst1804.huntidata.com.br\/~serjusmigorg\/wp-content\/uploads\/2023\/03\/50b43b6246b9529d115abc11efe53324a183e134-1024x575.jpg\" alt=\"\" class=\"wp-image-23383\" srcset=\"https:\/\/br01.clst1804.huntidata.com.br\/~serjusmigorg\/wp-content\/uploads\/2023\/03\/50b43b6246b9529d115abc11efe53324a183e134-1024x575.jpg 1024w, https:\/\/br01.clst1804.huntidata.com.br\/~serjusmigorg\/wp-content\/uploads\/2023\/03\/50b43b6246b9529d115abc11efe53324a183e134-300x168.jpg 300w, https:\/\/br01.clst1804.huntidata.com.br\/~serjusmigorg\/wp-content\/uploads\/2023\/03\/50b43b6246b9529d115abc11efe53324a183e134-768x431.jpg 768w, https:\/\/br01.clst1804.huntidata.com.br\/~serjusmigorg\/wp-content\/uploads\/2023\/03\/50b43b6246b9529d115abc11efe53324a183e134-370x208.jpg 370w, https:\/\/br01.clst1804.huntidata.com.br\/~serjusmigorg\/wp-content\/uploads\/2023\/03\/50b43b6246b9529d115abc11efe53324a183e134-1080x606.jpg 1080w, https:\/\/br01.clst1804.huntidata.com.br\/~serjusmigorg\/wp-content\/uploads\/2023\/03\/50b43b6246b9529d115abc11efe53324a183e134-865x486.jpg 865w, https:\/\/br01.clst1804.huntidata.com.br\/~serjusmigorg\/wp-content\/uploads\/2023\/03\/50b43b6246b9529d115abc11efe53324a183e134-642x360.jpg 642w, https:\/\/br01.clst1804.huntidata.com.br\/~serjusmigorg\/wp-content\/uploads\/2023\/03\/50b43b6246b9529d115abc11efe53324a183e134-270x152.jpg 270w, https:\/\/br01.clst1804.huntidata.com.br\/~serjusmigorg\/wp-content\/uploads\/2023\/03\/50b43b6246b9529d115abc11efe53324a183e134.jpg 1140w\" sizes=\"(max-width: 1024px) 100vw, 1024px\" \/><\/figure>\n\n\n<p>&nbsp;<\/p>\n<p style=\"text-align: justify;\">Com 91,8% de candidatos classificados dentro do n\u00famero de vagas, o Tribunal de Justi\u00e7a de Minas Gerais <a href=\"https:\/\/br01.clst1804.huntidata.com.br\/~serjusmigorg\/wp-content\/uploads\/antigo\/oficios\/edital-pv-2021-retificado-28-03-2023.pdf\">publicou no Di\u00e1rio do Judici\u00e1rio Eletr\u00f4nico-DJe<\/a> desta segunda-feira, 27 de mar\u00e7o, a Lista Preliminar de Classifica\u00e7\u00e3o dos Servidores Inscritos na PV 2021.<\/p>\n<p style=\"text-align: justify;\">Com um impressionante \u00edndice de servidores classificados, o resultado inicial \u00e9 motivo de comemora\u00e7\u00e3o dos trabalhadores do TJMG. Fruto da luta do SERJUSMIG, o aporte de R$ 25 milh\u00f5es para o certame garantiu tamanho sucesso, uma vez que o Tribunal disponibilizaria inicialmente o valor de R$ 20 milh\u00f5es.<\/p>\n<p style=\"text-align: justify;\">Em mesa de negocia\u00e7\u00e3o, no ano passado foi conquistada a amplia\u00e7\u00e3o do valor, j\u00e1 v\u00e1lido para a PV 2020. Agora o aumento se repete, tornando a promo\u00e7\u00e3o na carreira uma conquista poss\u00edvel para a grande maioria dos Servidores da Justi\u00e7a.<\/p>\n<p style=\"text-align: justify;\">Soma-se \u00e0 vit\u00f3ria, a aprova\u00e7\u00e3o das Leis <a href=\"https:\/\/www.almg.gov.br\/legislacao-mineira\/texto\/LEI\/23478\/2019\/?cons=1\">2.3478\/2019<\/a> (Lei da unifica\u00e7\u00e3o) e <a href=\"https:\/\/www.almg.gov.br\/legislacao-mineira\/texto\/LEI\/23828\/2021\/\">23.828\/2021<\/a>, ambas alcan\u00e7adas com o apoio da Deputada Estadual Beatriz Cerqueira a pedido do SERJUSMIG. As normas apontam a possibilidade de amplia\u00e7\u00e3o em at\u00e9 25% e 50%, respectivamente, das vagas oferecidas para as Promo\u00e7\u00f5es Verticais na Justi\u00e7a do estado, definidas na <a href=\"http:\/\/www8.tjmg.jus.br\/institucional\/at\/pdf\/re09532020.pdf\">Resolu\u00e7\u00e3o 953\/2020<\/a>.\u00a0<\/p>\n<p style=\"text-align: justify;\">\u00a0<\/p>\n<p style=\"text-align: justify;\"><strong>Pr\u00f3ximos passos<\/strong><\/p>\n<p style=\"text-align: justify;\">O SERJUSMIG disponibiliza a\u00a0listagem:<\/p>\n<p style=\"text-align: justify;\"><a href=\"https:\/\/br01.clst1804.huntidata.com.br\/~serjusmigorg\/wp-content\/uploads\/antigo\/oficios\/classificacao-inicial-pv2021-publicado-em-28-03-2023.pdf\">LISTA DE CLASSIFICA\u00c7\u00c3O INICIAL E DE INSCRI\u00c7\u00d5ES INDEFERIDAS<\/a><\/p>\n<p style=\"text-align: justify;\">O prazo para a interposi\u00e7\u00e3o de pedido de reconsidera\u00e7\u00e3o contra o indeferimento da inscri\u00e7\u00e3o e a classifica\u00e7\u00e3o no processo de Promo\u00e7\u00e3o Vertical referente ao exerc\u00edcio de 2021 ser\u00e1 de 0h do dia 29 de mar\u00e7o de 2023 \u00e0s 23h59min do dia 10 de abril de 2023.\u00a0<\/p>\n<p style=\"text-align: justify;\">Fique atento ao prazo recursal, seu fim \u00e9 no primeiro dia \u00fatil ap\u00f3s o feriado da semana santa. O pedido deve ser realizado via Processo SEI, no pr\u00f3prio procedimento de Inscri\u00e7\u00e3o da PV de cada servidor.<\/p>\n<p style=\"text-align: justify;\">A planilha de pontua\u00e7\u00e3o do candidato est\u00e1 dispon\u00edvel para consulta no mesmo processo eletr\u00f4nico do tipo \u201cPromo\u00e7\u00e3o Vertical 2021\u201d utilizado para a inscri\u00e7\u00e3o.<\/p>\n<p style=\"text-align: justify;\">\u00a0<\/p>\n<p style=\"text-align: justify;\"><strong>D\u00favidas<\/strong><\/p>\n<p style=\"text-align: justify;\">Em caso de quaisquer d\u00favidas a respeito da carreira, os trabalhadores do SERJUSMIG estar\u00e3o dispon\u00edveis para auxiliar os associados. Para receber a ajuda necess\u00e1ria para apresentar o seu pedido de reconsidera\u00e7\u00e3o ou planejar a sua inscri\u00e7\u00e3o para a PV 2022, comunique-se com os contatos abaixo:<\/p>\n<p style=\"text-align: justify;\"><strong>Assessoria da Diretoria<\/strong><br \/>Franklin: (31) 99950-4843 \u2013 filiacao@serjusmig.org.br<br \/>Raquel: (31) 3025-3516 \u2013 asses.diretoria@serjusmig.org.br<\/p>\n<p style=\"text-align: justify;\"><strong>Departamento Jur\u00eddico<\/strong> &#8211; (31) 99881-9344<br \/>Jos\u00e9 Luiz: (31) 3025-3517 \u2013 juridico.joseluiz@serjusmig.org.br<br \/>Lorena: (31) 3025-3512 \u2013 juridico.lorena@serjusmig.org.br<br \/>Michelle: (31) 3025-3511 \u2013 juridico.michelle@serjusmig.org.br<br \/>Pollyanna: (31) 3025-3509 \u2013 juridico.pollyanna@serjusmig.org.br<\/p>\n<p style=\"text-align: justify;\">\u00a0<\/p>\n<p style=\"text-align: justify;\"><strong>PV 2022<\/strong><\/p>\n<p style=\"text-align: justify;\">O edital da PV 2022 foi publicado no dia 31 de agosto do ano passado. Com a publica\u00e7\u00e3o da classifica\u00e7\u00e3o preliminar da PV 2021, espera-se que as inscri\u00e7\u00f5es para a Promo\u00e7\u00e3o Vertical referente ao ano de 2022 sejam abertas em breve.<\/p>\n<p style=\"text-align: justify;\"><a href=\"https:\/\/br01.clst1804.huntidata.com.br\/~serjusmigorg\/wp-content\/uploads\/antigo\/oficios\/edital-pv-2022.pdf\">ACESSE AQUI O EDITAL DA PV 2022<\/a><\/p>\n<p style=\"text-align: justify;\">\u201cA carreira \u00e9 uma das pautas priorit\u00e1rias do SERJUSMIG. Vamos continuar lutando pela amplia\u00e7\u00e3o dos recursos e do n\u00famero de vagas da PV, pelo cumprimento dos cronogramas e valoriza\u00e7\u00e3o da carreira. Tamb\u00e9m estamos solicitando ao Tribunal o cronograma das fases da PV 2022\u201d, ressalta o presidente do SERJUSMIG, Eduardo Couto.<\/p>\n<p style=\"text-align: justify;\">Siga acompanhando as not\u00edcias sobre as PVs 2021 e 2022 na p\u00e1gina oficial do SERJUSMIG e nas redes sociais do sindicato.<\/p>\n<p style=\"text-align: justify;\">\u00a0<\/p>\n<p style=\"text-align: justify;\"><strong><em>SERJUSMIG<\/em><\/strong><br \/><em>Unir, Lutar e Vencer<\/em><\/p>","protected":false},"excerpt":{"rendered":"<p>n\/a<\/p>\n","protected":false},"author":1,"featured_media":23383,"comment_status":"open","ping_status":"open","sticky":false,"template":"","format":"standard","meta":{"_acf_changed":false,"cybocfi_hide_featured_image":"yes","footnotes":""},"categories":[1],"tags":[],"class_list":["post-10980","post","type-post","status-publish","format-standard","has-post-thumbnail","hentry","category-sem-categoria"],"acf":{"chapeu_post":""},"_links":{"self":[{"href":"https:\/\/br01.clst1804.huntidata.com.br\/~serjusmigorg\/wp-json\/wp\/v2\/posts\/10980","targetHints":{"allow":["GET"]}}],"collection":[{"href":"https:\/\/br01.clst1804.huntidata.com.br\/~serjusmigorg\/wp-json\/wp\/v2\/posts"}],"about":[{"href":"https:\/\/br01.clst1804.huntidata.com.br\/~serjusmigorg\/wp-json\/wp\/v2\/types\/post"}],"author":[{"embeddable":true,"href":"https:\/\/br01.clst1804.huntidata.com.br\/~serjusmigorg\/wp-json\/wp\/v2\/users\/1"}],"replies":[{"embeddable":true,"href":"https:\/\/br01.clst1804.huntidata.com.br\/~serjusmigorg\/wp-json\/wp\/v2\/comments?post=10980"}],"version-history":[{"count":1,"href":"https:\/\/br01.clst1804.huntidata.com.br\/~serjusmigorg\/wp-json\/wp\/v2\/posts\/10980\/revisions"}],"predecessor-version":[{"id":23384,"href":"https:\/\/br01.clst1804.huntidata.com.br\/~serjusmigorg\/wp-json\/wp\/v2\/posts\/10980\/revisions\/23384"}],"wp:featuredmedia":[{"embeddable":true,"href":"https:\/\/br01.clst1804.huntidata.com.br\/~serjusmigorg\/wp-json\/wp\/v2\/media\/23383"}],"wp:attachment":[{"href":"https:\/\/br01.clst1804.huntidata.com.br\/~serjusmigorg\/wp-json\/wp\/v2\/media?parent=10980"}],"wp:term":[{"taxonomy":"category","embeddable":true,"href":"https:\/\/br01.clst1804.huntidata.com.br\/~serjusmigorg\/wp-json\/wp\/v2\/categories?post=10980"},{"taxonomy":"post_tag","embeddable":true,"href":"https:\/\/br01.clst1804.huntidata.com.br\/~serjusmigorg\/wp-json\/wp\/v2\/tags?post=10980"}],"curies":[{"name":"wp","href":"https:\/\/api.w.org\/{rel}","templated":true}]}}