{"id":10982,"date":"2023-04-04T17:22:00","date_gmt":"2023-04-04T17:22:00","guid":{"rendered":"https:\/\/pecorari-cloudbr722.pecoraricloud.com.br\/~serjusmigorg\/em-fim-de-semana-historico-sindicato-busca-o-fortalecimento-da-regional-juiz-de-fora\/"},"modified":"2026-08-09T13:16:43","modified_gmt":"2026-08-09T16:16:43","slug":"em-fim-de-semana-historico-sindicato-busca-o-fortalecimento-da-regional-juiz-de-fora","status":"publish","type":"post","link":"https:\/\/br01.clst1804.huntidata.com.br\/~serjusmigorg\/em-fim-de-semana-historico-sindicato-busca-o-fortalecimento-da-regional-juiz-de-fora\/","title":{"rendered":"Em fim de semana hist\u00f3rico, sindicato busca o fortalecimento da regional Juiz de Fora"},"content":{"rendered":"\n<figure class=\"wp-block-image size-large\"><img fetchpriority=\"high\" decoding=\"async\" width=\"1024\" height=\"614\" src=\"https:\/\/br01.clst1804.huntidata.com.br\/~serjusmigorg\/wp-content\/uploads\/2023\/04\/0f955d62c6730e2607ac7ee11427f8339b44f3f2-1024x614.jpg\" alt=\"\" class=\"wp-image-23524\" srcset=\"https:\/\/br01.clst1804.huntidata.com.br\/~serjusmigorg\/wp-content\/uploads\/2023\/04\/0f955d62c6730e2607ac7ee11427f8339b44f3f2-1024x614.jpg 1024w, https:\/\/br01.clst1804.huntidata.com.br\/~serjusmigorg\/wp-content\/uploads\/2023\/04\/0f955d62c6730e2607ac7ee11427f8339b44f3f2-300x180.jpg 300w, https:\/\/br01.clst1804.huntidata.com.br\/~serjusmigorg\/wp-content\/uploads\/2023\/04\/0f955d62c6730e2607ac7ee11427f8339b44f3f2-768x461.jpg 768w, https:\/\/br01.clst1804.huntidata.com.br\/~serjusmigorg\/wp-content\/uploads\/2023\/04\/0f955d62c6730e2607ac7ee11427f8339b44f3f2-370x222.jpg 370w, https:\/\/br01.clst1804.huntidata.com.br\/~serjusmigorg\/wp-content\/uploads\/2023\/04\/0f955d62c6730e2607ac7ee11427f8339b44f3f2-1290x774.jpg 1290w, https:\/\/br01.clst1804.huntidata.com.br\/~serjusmigorg\/wp-content\/uploads\/2023\/04\/0f955d62c6730e2607ac7ee11427f8339b44f3f2-1080x648.jpg 1080w, https:\/\/br01.clst1804.huntidata.com.br\/~serjusmigorg\/wp-content\/uploads\/2023\/04\/0f955d62c6730e2607ac7ee11427f8339b44f3f2-865x519.jpg 865w, https:\/\/br01.clst1804.huntidata.com.br\/~serjusmigorg\/wp-content\/uploads\/2023\/04\/0f955d62c6730e2607ac7ee11427f8339b44f3f2-642x385.jpg 642w, https:\/\/br01.clst1804.huntidata.com.br\/~serjusmigorg\/wp-content\/uploads\/2023\/04\/0f955d62c6730e2607ac7ee11427f8339b44f3f2.jpg 1435w\" sizes=\"(max-width: 1024px) 100vw, 1024px\" \/><\/figure>\n\n\n<p>&nbsp;<\/p>\n<p style=\"text-align: justify;\">No \u00faltimo fim de semana, entre os dias 31 de mar\u00e7o e 02 de abril, o projeto 100% SERJUSMIG ingressou em uma nova fase. Ap\u00f3s as visitas \u00e0s 298 comarcas, o desafio, agora, \u00e9 a realiza\u00e7\u00e3o dos encontros regionais em todas as nove regionais do estado.<\/p>\n<p style=\"text-align: justify;\">Em Juiz de Fora, al\u00e9m do encontro, o 5\u00ba na hist\u00f3ria da regional, os associados puderam participar da primeira reuni\u00e3o do N\u00facleo dos Aposentados do SERJUSMIG (NAS), na sexta-feira (31), e de uma caminhada ecol\u00f3gica, no domingo (2).<\/p>\n<p style=\"text-align: justify;\">\u201cNesta nova fase, a retomada dos encontros regionais \u00e9 crucial. H\u00e1 uma demanda muito grande, por parte da categoria, pela amplia\u00e7\u00e3o da presen\u00e7a do sindicato no interior. Este foi, inclusive, um dos apontamentos da \u00faltima pesquisa de satisfa\u00e7\u00e3o. Em suma, servidores do interior querem o sindicato cada vez mais perto\u201d, explica Eduardo Couto, presidente do SERJUSMIG.<\/p>\n<p style=\"text-align: justify;\"><a href=\"https:\/\/www.facebook.com\/media\/set\/?vanity=serjusmig&amp;set=a.6081397651940028\"><strong>ACESSE AQUI AS FOTOS DO 5\u00ba ENCONTRO REGIONAL DE JUIZ DE FORA<\/strong><\/a><\/p>\n<p style=\"text-align: justify;\"><a href=\"https:\/\/www.facebook.com\/media\/set\/?set=a.6081448138601646&amp;type=3\"><strong>ACESSE AQUI AS FOTOS DAS VISITAS \u00c0S 32 COMARCAS DA REGIONAL JUIZ DE FORA<\/strong><\/a><\/p>\n<p style=\"text-align: justify;\">\u00a0<\/p>\n<p style=\"text-align: justify;\"><strong>Reuni\u00e3o de aposentados<\/strong><\/p>\n<p style=\"text-align: justify;\">Realizada na sexta (31), a primeira reuni\u00e3o regional da hist\u00f3ria do NAS teve uma apresenta\u00e7\u00e3o do n\u00facleo, que busca construir um bra\u00e7o na regi\u00e3o. Diretores e associados que participaram da reuni\u00e3o avaliam positivamente a experi\u00eancia.<\/p>\n<p style=\"text-align: justify;\"><strong>Ana Maria Bertelli, diretora social, e Patr\u00edcia Valente, diretora regional de Juiz de Fora, comentam a atividade:<\/strong><\/p>\n<p style=\"text-align: center;\"><iframe title=\"YouTube video player\" src=\"https:\/\/www.youtube.com\/embed\/zUSIxJ4JJP8\" width=\"560\" height=\"315\" frameborder=\"0\" allowfullscreen=\"allowfullscreen\"><\/iframe><\/p>\n<p style=\"text-align: justify;\">\u00a0<\/p>\n<p style=\"text-align: justify;\"><strong>5\u00ba Encontro Regional<\/strong><\/p>\n<p style=\"text-align: justify;\">Os trabalhos do segundo dia tiveram in\u00edcio com uma sauda\u00e7\u00e3o da diretoria, seguida por uma animada exposi\u00e7\u00e3o do mentor de performance, escritor e terapeuta Ot\u00e1vio Grossi Junior, na palestra: \u201cA reinven\u00e7\u00e3o do profissional a partir das compet\u00eancias de performance \u2013 resultados e felicidade\u201d.\u00a0<\/p>\n<p style=\"text-align: justify;\">O palestrante disponibiliza <a href=\"https:\/\/performance.grossisaudeintegral.com.br\/register\"><strong>um link para cadastro em sua p\u00e1gina voltada para o trabalho em sa\u00fade integral<\/strong><\/a>, que deve ser acessada via navegador Google Chrome. Quem, al\u00e9m de se cadastrar, segui-lo em suas redes sociais, e curtir, comentar e compartilhar suas postagens sobre o Encontro, poder\u00e1 concorrer a voucher para tr\u00eas mentorias de Ot\u00e1vio Grossi.<\/p>\n<p style=\"text-align: justify;\"><a href=\"https:\/\/www.instagram.com\/otaviogrossijr\/\"><strong>ACESSE AQUI O INSTAGRAM DO MENTOR OT\u00c1VIO GROSSI<\/strong><\/a><\/p>\n<p style=\"text-align: justify;\">\u00a0<\/p>\n<p style=\"text-align: center;\"><iframe title=\"YouTube video player\" src=\"https:\/\/www.youtube.com\/embed\/CoRhK8Kxojs\" width=\"560\" height=\"315\" frameborder=\"0\" allowfullscreen=\"allowfullscreen\"><\/iframe><br \/>\u00a0<\/p>\n<p style=\"text-align: justify;\">Na sequ\u00eancia, ocorreu um debate de conjuntura nacional e estadual, facilitado pelo assessor e consultor de entidades sindicais e diretor da <em>Insight<\/em> Assessoria Parlamentar, Vladimir Nepomuceno, e o deputado estadual Cristiano Silveira, presidente do PT Minas Gerais.<\/p>\n<p style=\"text-align: justify;\">Nas interven\u00e7\u00f5es, eles abordaram o longo e profundo desmonte do servi\u00e7o p\u00fablico no Brasil, a nova realidade da luta sindical ap\u00f3s as elei\u00e7\u00f5es de 2022 e as configura\u00e7\u00f5es do Legislativo em Minas e no Brasil.<\/p>\n<p style=\"text-align: justify;\"><strong>Cristiano Silveira e assessor Vladimir Nepomuceno trazem um resumo da mesa de conjuntura:<\/strong><\/p>\n<p style=\"text-align: center;\"><iframe title=\"YouTube video player\" src=\"https:\/\/www.youtube.com\/embed\/h_i-yLO8yMo\" width=\"560\" height=\"315\" frameborder=\"0\" allowfullscreen=\"allowfullscreen\"><\/iframe><br \/>\u00a0<\/p>\n<p style=\"text-align: justify;\">Ap\u00f3s o almo\u00e7o, os participantes foram introduzidos no per\u00edodo da tarde com um show de <em>stand-up<\/em> do humorista Thiago Carmona. Logo depois, o psic\u00f3logo Arthur Lobato e a assessora da diretoria Raquel Orlando, ambos integrantes do N\u00facleo de Sa\u00fade do Trabalhador, abordaram a quest\u00e3o do ass\u00e9dio moral.<\/p>\n<p style=\"text-align: justify;\">Lobato discorreu sobre a realidade do ass\u00e9dio moral no contexto do Judici\u00e1rio 4.0, com a emerg\u00eancia das novas tecnologias. Raquel Orlando, por sua vez, discutiu os instrumentos de combate ao ass\u00e9dio moral na legisla\u00e7\u00e3o vigente e apresentou o N\u00facleo de Sa\u00fade de Trabalhador, explicando os esfor\u00e7os empreendidos para atender aos associados. O debate contou com interven\u00e7\u00f5es dos participantes e alguns expuseram quest\u00f5es sobre problemas vivenciados em suas comarcas.<\/p>\n<p style=\"text-align: justify;\"><strong>Arthur Lobato e Raquel Orlando resumem os debates da mesa sobre ass\u00e9dio moral:<\/strong><\/p>\n<p style=\"text-align: center;\"><iframe title=\"YouTube video player\" src=\"https:\/\/www.youtube.com\/embed\/r4VzvXXLMhA\" width=\"560\" height=\"315\" frameborder=\"0\" allowfullscreen=\"allowfullscreen\"><\/iframe><br \/>\u00a0<\/p>\n<p style=\"text-align: justify;\">A \u00faltima mesa do s\u00e1bado, conduzida pelo presidente Eduardo Couto, abordou as lutas pol\u00edticas, jur\u00eddicas e administrativas do sindicato no \u00faltimo per\u00edodo.<\/p>\n<p style=\"text-align: justify;\">Al\u00e9m do presidente, tamb\u00e9m compuseram os tr\u00eas vice-presidentes, Rui Viana, Felipe Galego e Ronaldo Ribeiro Junior, o diretor financeiro, Willer Ferreira, e a diretora social, Ana Maria Bertelli.<\/p>\n<p style=\"text-align: justify;\">Ao lado da diretoria, o debate tamb\u00e9m contou com a participa\u00e7\u00e3o do advogado e parceiro do sindicato, Diego Leonel, abordando quest\u00f5es de direito previdenci\u00e1rio, e o economista Thiago Rodarte, com uma an\u00e1lise dos condicionantes financeiros e or\u00e7ament\u00e1rios da implementa\u00e7\u00e3o dos direitos dos servidores.<\/p>\n<p style=\"text-align: justify;\">As informa\u00e7\u00f5es atualizadas das lutas do sindicato foram disponibilizadas em documento distribu\u00eddo aos participantes do encontro.\u00a0<\/p>\n<p style=\"text-align: justify;\"><a href=\"https:\/\/br01.clst1804.huntidata.com.br\/~serjusmigorg\/wp-content\/uploads\/antigo\/arquivos_veja_tambem\/copia-de-resumo-de-lutas-sindicais-encontro-de-regionais-juiz-de-fora.pptx.pdf\"><strong>ACESSE AQUI O O RESUMO DE LUTAS APRESENTADO EM JUIZ DE FORA<\/strong><\/a><\/p>\n<p style=\"text-align: justify;\">O tema tamb\u00e9m foi abordado no segundo epis\u00f3dio do programa<strong> FALA, DIRETORIA!<\/strong>, iniciativa da equipe de comunica\u00e7\u00e3o do sindicato. <strong>Confira o v\u00eddeo:<\/strong><\/p>\n<p style=\"text-align: center;\"><iframe title=\"YouTube video player\" src=\"https:\/\/www.youtube.com\/embed\/wYysHn41Px8\" width=\"560\" height=\"315\" frameborder=\"0\" allowfullscreen=\"allowfullscreen\"><\/iframe><br \/>\u00a0<\/p>\n<p style=\"text-align: justify;\">Por fim, o Encontro teve sorteios de brindes para os participantes. O escriv\u00e3o judicial aposentado Vicente de Paula Silva, um dos precursores do SERJUSMIG na \u00e9poca da Associa\u00e7\u00e3o dos Servidores Remunerados da Justi\u00e7a de Minas Gerais, elogiou a iniciativa do encontro e defendeu a necessidade de maior participa\u00e7\u00e3o da categoria na vida sindical.<br \/>\u00a0<\/p>\n<p style=\"text-align: center;\"><iframe title=\"YouTube video player\" src=\"https:\/\/www.youtube.com\/embed\/4kNHBIDrLIA\" width=\"560\" height=\"315\" frameborder=\"0\" allowfullscreen=\"allowfullscreen\"><\/iframe><\/p>\n<p style=\"text-align: justify;\">\u00a0<\/p>\n<p style=\"text-align: justify;\"><strong>Caminhada ecol\u00f3gica<\/strong><\/p>\n<p style=\"text-align: justify;\">No \u00faltimo dia de atividades em Juiz de Fora, cerca de 70 associados de diferentes idades participaram de uma caminhada ecol\u00f3gica no Parque da Lajinha. A atividade comp\u00f5e o projeto Caravana da Sa\u00fade, fruto da parceria entre o SERJUSMIG e a Audithec. Na caminhada, foram realizados exerc\u00edcios f\u00edsicos, com a orienta\u00e7\u00e3o de profissionais.\u00a0<\/p>\n<p style=\"text-align: center;\"><iframe title=\"YouTube video player\" src=\"https:\/\/www.youtube.com\/embed\/LZVWI-EwStk\" width=\"560\" height=\"315\" frameborder=\"0\" allowfullscreen=\"allowfullscreen\"><\/iframe><\/p>\n<p style=\"text-align: justify;\">\u00a0<\/p>\n<p style=\"text-align: justify;\"><strong>Pr\u00f3ximos passos<\/strong><\/p>\n<p style=\"text-align: justify;\">As atividades do \u00faltimo fim de semana ficam para a hist\u00f3ria do sindicato e marcam uma passagem para nova etapa do projeto 100% SERJUSMIG. Agora, outros cinco encontros regionais dever\u00e3o ser realizados, sendo o pr\u00f3ximo em <strong>Arax\u00e1, no dia 17 de junho, reunindo as regionais de Uberaba e Uberl\u00e2ndia<\/strong>. Mais informa\u00e7\u00f5es ser\u00e3o divulgadas em breve.<\/p>\n<p style=\"text-align: justify;\">\u00a0<\/p>\n<blockquote class=\"instagram-media\" style=\"background: #FFF; border: 0; border-radius: 3px; box-shadow: 0 0 1px 0 rgba(0,0,0,0.5),0 1px 10px 0 rgba(0,0,0,0.15); margin: 1px; max-width: 540px; min-width: 326px; padding: 0; width: calc(100% - 2px);\" data-instgrm-captioned=\"\" data-instgrm-permalink=\"https:\/\/www.instagram.com\/reel\/Cqis5OkjXKm\/?utm_source=ig_embed&amp;utm_campaign=loading\" data-instgrm-version=\"14\">\n<div style=\"padding: 16px;\">\n<div style=\"display: flex; flex-direction: row; align-items: center;\">\n<div style=\"background-color: #f4f4f4; border-radius: 50%; flex-grow: 0; height: 40px; margin-right: 14px; width: 40px;\">\u00a0<\/div>\n<div style=\"display: flex; flex-direction: column; flex-grow: 1; justify-content: center;\">\n<div style=\"background-color: #f4f4f4; border-radius: 4px; flex-grow: 0; height: 14px; margin-bottom: 6px; width: 100px;\">\u00a0<\/div>\n<div style=\"background-color: #f4f4f4; border-radius: 4px; flex-grow: 0; height: 14px; width: 60px;\">\u00a0<\/div>\n<\/div>\n<\/div>\n<div style=\"padding: 19% 0;\">\u00a0<\/div>\n<div style=\"display: block; height: 50px; margin: 0 auto 12px; width: 50px;\">\u00a0<\/div>\n<div style=\"padding-top: 8px;\">\n<div style=\"color: #3897f0; font-family: Arial,sans-serif; font-size: 14px; font-style: normal; font-weight: 550; line-height: 18px;\"><a style=\"background: #FFFFFF; line-height: 0; padding: 0 0; text-align: center; text-decoration: none; width: 100%;\" href=\"https:\/\/www.instagram.com\/reel\/Cqis5OkjXKm\/?utm_source=ig_embed&amp;utm_campaign=loading\" target=\"_blank\" rel=\"noopener\">Ver essa foto no Instagram<\/a><\/div>\n<\/div>\n<div style=\"padding: 12.5% 0;\">\u00a0<\/div>\n<div style=\"display: flex; flex-direction: row; margin-bottom: 14px; align-items: center;\">\n<div>\n<div style=\"background-color: #f4f4f4; border-radius: 50%; height: 12.5px; width: 12.5px; transform: translateX(0px) translateY(7px);\">\u00a0<\/div>\n<div style=\"background-color: #f4f4f4; height: 12.5px; transform: rotate(-45deg) translateX(3px) translateY(1px); width: 12.5px; flex-grow: 0; margin-right: 14px; margin-left: 2px;\">\u00a0<\/div>\n<div style=\"background-color: #f4f4f4; border-radius: 50%; height: 12.5px; width: 12.5px; transform: translateX(9px) translateY(-18px);\">\u00a0<\/div>\n<\/div>\n<div style=\"margin-left: 8px;\">\n<div style=\"background-color: #f4f4f4; border-radius: 50%; flex-grow: 0; height: 20px; width: 20px;\">\u00a0<\/div>\n<div style=\"width: 0; height: 0; border-top: 2px solid transparent; border-left: 6px solid #f4f4f4; border-bottom: 2px solid transparent; transform: translateX(16px) translateY(-4px) rotate(30deg);\">\u00a0<\/div>\n<\/div>\n<div style=\"margin-left: auto;\">\n<div style=\"width: 0px; border-top: 8px solid #F4F4F4; border-right: 8px solid transparent; transform: translateY(16px);\">\u00a0<\/div>\n<div style=\"background-color: #f4f4f4; flex-grow: 0; height: 12px; width: 16px; transform: translateY(-4px);\">\u00a0<\/div>\n<div style=\"width: 0; height: 0; border-top: 8px solid #F4F4F4; border-left: 8px solid transparent; transform: translateY(-4px) translateX(8px);\">\u00a0<\/div>\n<\/div>\n<\/div>\n<div style=\"display: flex; flex-direction: column; flex-grow: 1; justify-content: center; margin-bottom: 24px;\">\n<div style=\"background-color: #f4f4f4; border-radius: 4px; flex-grow: 0; height: 14px; margin-bottom: 6px; width: 224px;\">\u00a0<\/div>\n<div style=\"background-color: #f4f4f4; border-radius: 4px; flex-grow: 0; height: 14px; width: 144px;\">\u00a0<\/div>\n<\/div>\n<p style=\"color: #c9c8cd; font-family: Arial,sans-serif; font-size: 14px; line-height: 17px; margin-bottom: 0; margin-top: 8px; overflow: hidden; padding: 8px 0 7px; text-align: center; text-overflow: ellipsis; white-space: nowrap;\"><a style=\"color: #c9c8cd; font-family: Arial,sans-serif; font-size: 14px; font-style: normal; font-weight: normal; line-height: 17px; text-decoration: none;\" href=\"https:\/\/www.instagram.com\/reel\/Cqis5OkjXKm\/?utm_source=ig_embed&amp;utm_campaign=loading\" target=\"_blank\" rel=\"noopener\">Uma publica\u00e7\u00e3o compartilhada por Serjusmig (@serjusmig)<\/a><\/p>\n<\/div>\n<\/blockquote>\n<p><script async src=\"\/\/www.instagram.com\/embed.js\"><\/script><\/p>\n<p style=\"text-align: justify;\">\u00a0<\/p>\n<p style=\"text-align: justify;\"><em><strong>SERJUSMIG<\/strong><br \/>Unir, Lutar e Vencer<\/em><br \/>\u00a0<\/p>","protected":false},"excerpt":{"rendered":"<p>n\/a<\/p>\n","protected":false},"author":1,"featured_media":23524,"comment_status":"open","ping_status":"open","sticky":false,"template":"","format":"standard","meta":{"_acf_changed":false,"cybocfi_hide_featured_image":"yes","footnotes":""},"categories":[1],"tags":[],"class_list":["post-10982","post","type-post","status-publish","format-standard","has-post-thumbnail","hentry","category-sem-categoria"],"acf":{"chapeu_post":""},"_links":{"self":[{"href":"https:\/\/br01.clst1804.huntidata.com.br\/~serjusmigorg\/wp-json\/wp\/v2\/posts\/10982","targetHints":{"allow":["GET"]}}],"collection":[{"href":"https:\/\/br01.clst1804.huntidata.com.br\/~serjusmigorg\/wp-json\/wp\/v2\/posts"}],"about":[{"href":"https:\/\/br01.clst1804.huntidata.com.br\/~serjusmigorg\/wp-json\/wp\/v2\/types\/post"}],"author":[{"embeddable":true,"href":"https:\/\/br01.clst1804.huntidata.com.br\/~serjusmigorg\/wp-json\/wp\/v2\/users\/1"}],"replies":[{"embeddable":true,"href":"https:\/\/br01.clst1804.huntidata.com.br\/~serjusmigorg\/wp-json\/wp\/v2\/comments?post=10982"}],"version-history":[{"count":1,"href":"https:\/\/br01.clst1804.huntidata.com.br\/~serjusmigorg\/wp-json\/wp\/v2\/posts\/10982\/revisions"}],"predecessor-version":[{"id":23525,"href":"https:\/\/br01.clst1804.huntidata.com.br\/~serjusmigorg\/wp-json\/wp\/v2\/posts\/10982\/revisions\/23525"}],"wp:featuredmedia":[{"embeddable":true,"href":"https:\/\/br01.clst1804.huntidata.com.br\/~serjusmigorg\/wp-json\/wp\/v2\/media\/23524"}],"wp:attachment":[{"href":"https:\/\/br01.clst1804.huntidata.com.br\/~serjusmigorg\/wp-json\/wp\/v2\/media?parent=10982"}],"wp:term":[{"taxonomy":"category","embeddable":true,"href":"https:\/\/br01.clst1804.huntidata.com.br\/~serjusmigorg\/wp-json\/wp\/v2\/categories?post=10982"},{"taxonomy":"post_tag","embeddable":true,"href":"https:\/\/br01.clst1804.huntidata.com.br\/~serjusmigorg\/wp-json\/wp\/v2\/tags?post=10982"}],"curies":[{"name":"wp","href":"https:\/\/api.w.org\/{rel}","templated":true}]}}