{"id":25786,"date":"2026-09-03T15:25:24","date_gmt":"2026-09-03T18:25:24","guid":{"rendered":"https:\/\/br01.clst1804.huntidata.com.br\/~serjusmigorg\/?p=25786"},"modified":"2026-09-03T15:27:47","modified_gmt":"2026-09-03T18:27:47","slug":"serjusmig-realiza-age-no-dia-12-de-setembro","status":"publish","type":"post","link":"https:\/\/br01.clst1804.huntidata.com.br\/~serjusmigorg\/serjusmig-realiza-age-no-dia-12-de-setembro\/","title":{"rendered":"SERJUSMIG realiza AGE no dia 12 de setembro"},"content":{"rendered":"\n<p class=\"wp-block-paragraph\">Durante o 27\u00b0 Encontro de Delegadas e Delegados do SERJUSMIG, ser\u00e1 realizada a Assembleia Geral Extraordin\u00e1ria de presta\u00e7\u00e3o de contas e demonstra\u00e7\u00f5es cont\u00e1beis. No dia 12 de setembro, s\u00e1bado, o evento ser\u00e1 suspenso para a an\u00e1lise dos documentos referentes aos seguintes per\u00edodos: de 1\u00ba de setembro a 31 de dezembro de 2025, e, ainda, de 1\u00ba de janeiro a 31 de julho de 2026, com an\u00e1lise e vota\u00e7\u00e3o, pelas sindicalizadas e sindicalizados presentes \u00e0 AGE, do parecer emitido pelo Conselho Fiscal, ap\u00f3s minucioso exame das contas da entidade nos citados per\u00edodos.<\/p>\n\n\n\n<p class=\"wp-block-paragraph\">Os documentos tamb\u00e9m ser\u00e3o enviados aos delegados e delegadas sindicais via e-mail.<\/p>\n\n\n\n<p class=\"wp-block-paragraph\"><a href=\"https:\/\/serjusmig.org.br\/download\/14a4f5159b4d5ae20ae0c823285181f839dda856\">ACESSE O EDITAL NO DI\u00c1RIO OFICIAL MG<\/a><\/p>\n\n\n\n<p class=\"wp-block-paragraph\"><a href=\"https:\/\/www.serjusmig.org.br\/download-jornal-informativo\/61781ce630e85cfa16a8769f314b8e1361906\">ACESSE O EDITAL NO JORNAL SERJUSMIG NOT\u00cdCIAS<\/a><\/p>\n\n\n\n<p class=\"wp-block-paragraph\"><strong>Plant\u00e3o do Conselho Fiscal<\/strong><\/p>\n\n\n\n<p class=\"wp-block-paragraph\">A presta\u00e7\u00e3o de contas estar\u00e1 dispon\u00edvel para consulta na sede do SERJUSMIG, \u00e0 disposi\u00e7\u00e3o dos filiados durante o plant\u00e3o presencial do Conselho Fiscal, nos dias 8 e 9 de setembro, das 13 \u00e0s 18h. Quaisquer questionamentos podem ser enviados ao e-mail: conselhofiscal@serjusmig.org.br<\/p>\n\n\n\n<p class=\"wp-block-paragraph\">Deslocamento e reembolso<\/p>\n\n\n\n<p class=\"wp-block-paragraph\">Durante a Assembleia Geral, ser\u00e1 franqueada a entrada e a participa\u00e7\u00e3o de qualquer sindicalizado no espa\u00e7o do hotel. Encerrada a AGE, imediatamente ser\u00e3o retomadas as atividades do 27\u00ba Encontro de Delegadas e Delegados do SERJUSMIG, o qual \u00e9 fechado aos servidores(as) devidamente inscritos(as), cujos nomes foram aprovados de acordo com a regras para a participa\u00e7\u00e3o.<\/p>\n\n\n\n<p class=\"wp-block-paragraph\">O evento ocorrer\u00e1 no Tau\u00e1 Resort de Caet\u00e9, BR-381, 12000, Zona Rural, Caet\u00e9 &#8211; MG. Os servidores que optarem por se deslocar por conta pr\u00f3pria poder\u00e3o solicitar reembolso das despesas, de acordo com regras do sindicato.<\/p>\n\n\n\n<p class=\"wp-block-paragraph\">Os servidores interessados em solicitar translado entre a sede do sindicato e o hotel devem preencher o formul\u00e1rio abaixo. N\u00e3o \u00e9 imprescind\u00edvel que o filiado responda o formul\u00e1rio para comparecer, entretanto, o SERJUSMIG solicita o informe pr\u00e9vio para a organiza\u00e7\u00e3o do evento, a fim de garantir entrada no hotel, confec\u00e7\u00e3o de crach\u00e1 e demais medidas necess\u00e1rias.&nbsp;<\/p>\n\n\n\n<p class=\"wp-block-paragraph\">O contato com sindicato pode ser feito via e-mail e telefone: encontrodedelegados@serjusmig.org.br \/ (31) 3025-3510 | (31) 99758-4348&nbsp; (Whatsapp)&nbsp;&nbsp;<\/p>\n\n\n\n<p class=\"wp-block-paragraph\">Novamente, a AGE \u00e9 aberta para a entrada e participa\u00e7\u00e3o de qualquer filiado ao SERJUSMIG.<\/p>\n\n\n\n<p class=\"wp-block-paragraph\">O Formul\u00e1rio de Inscri\u00e7\u00e3o e Translado estar\u00e1 dispon\u00edvel entre os dias 3 (quinta-feira) e 8 de setembro (ter\u00e7a-feira).<\/p>\n\n\n\n<p class=\"wp-block-paragraph\">Caso voc\u00ea deseje receber uma c\u00f3pia das suas respostas do formul\u00e1rio como confirma\u00e7\u00e3o da inscri\u00e7\u00e3o, basta assinalar &#8220;Enviar uma c\u00f3pia das respostas para o meu e-mail&#8221; ao finalizar o preenchimento.<\/p>\n\n\n\n<figure class=\"wp-block-embedpress-embedpress aligncenter\" data-source-id=\"source-363fcbae-20dd-46b6-9c51-2ee19145fd42\" data-embed-type=\"GoogleDocs\"><div class=\"gutenberg-block-wraper  \"><div class=\"position-right-wraper ep-embed-content-wraper   \" style=\"position:relative;display:inline-block\"><div class=\"ose-google-docs ose-uid-40f8839fe21ea3c32e81178a50b5009b ose-embedpress-responsive\" style=\"width:600px; height:600px; max-height:600px; max-width:100%; display:inline-block;\" data-embed-type=\"GoogleDocs\"><iframe title=\"Viewform\" allowFullScreen=\"true\" src=\"https:\/\/docs.google.com\/forms\/d\/e\/1FAIpQLSfJ076JnJQVMAVEB9EXVZxYwItfRLFNu3vxTSGvesmrXn6BqA\/viewform?usp=header\" frameborder=\"0\" width=\"600\" height=\"600\" allowfullscreen=\"true\" mozallowfullscreen=\"true\" webkitallowfullscreen=\"true\" style=\"width:600px;height:600px;max-width:100%;\"><\/iframe><\/div><\/div><\/div><style>\n                    [data-source-id=\"source-363fcbae-20dd-46b6-9c51-2ee19145fd42\"] .ose-embedpress-responsive{\n                        width: 600px!important;\n                        height: 600px!important;\n                        max-height: 600px!important;\n                    }\n                    [data-source-id=\"source-363fcbae-20dd-46b6-9c51-2ee19145fd42\"] iframe{\n                        width: 600px!important;\n                        height: 600px!important;\n                        max-height: 600px!important;\n                    }\n                    [data-source-id=\"source-363fcbae-20dd-46b6-9c51-2ee19145fd42\"] .embedpress-yt-subscribe iframe{\n                        height: 100%!important;\n                    }\n                    [data-source-id=\"source-363fcbae-20dd-46b6-9c51-2ee19145fd42\"] .ose-youtube > iframe{\n                        height: 600px!important;\n                        width: 600px!important;\n                        max-width: 100%!important;\n                    }\n                    [data-source-id=\"source-363fcbae-20dd-46b6-9c51-2ee19145fd42\"] .ose-youtube{\n                        height: 600px!important;\n                        width: 600px!important;\n                    }\n                    [data-source-id=\"source-363fcbae-20dd-46b6-9c51-2ee19145fd42\"] .ose-giphy img{\n                        height: 600px!important;\n                        width: 600px!important;\n                    }\n                    [data-source-id=\"source-363fcbae-20dd-46b6-9c51-2ee19145fd42\"] .ose-google-docs img{\n                        height: 600px!important;\n                        width: 600px!important;\n                    }\n                    [data-source-id=\"source-363fcbae-20dd-46b6-9c51-2ee19145fd42\"] .ose-embedpress-responsive.ose-google-photos{\n                        height: 100% !important;\n                        max-height: 100% !important;\n                    }\n\n                    [data-source-id=\"source-363fcbae-20dd-46b6-9c51-2ee19145fd42\"] .embera-embed-responsive-provider-gettyimages,\n                    [data-source-id=\"source-363fcbae-20dd-46b6-9c51-2ee19145fd42\"] .embera-embed-responsive-provider-gettyimages iframe,\n                    [data-source-id=\"source-363fcbae-20dd-46b6-9c51-2ee19145fd42\"] .getty{\n                        width: 600px!important;\n                        height: 600px!important;\n                        max-height: 600px!important;\n                        max-width: 100%!important;\n                    }\n                    <\/style><\/figure>\n\n\n\n<p class=\"wp-block-paragraph\"><em><strong>SERJUSMIG<\/strong><br>Unir, Lutar e Vencer<\/em><\/p>\n","protected":false},"excerpt":{"rendered":"<p>Durante o 27\u00b0 Encontro de Delegadas e Delegados do SERJUSMIG, ser\u00e1 realizada a Assembleia Geral Extraordin\u00e1ria de presta\u00e7\u00e3o de contas e demonstra\u00e7\u00f5es cont\u00e1beis. No dia 12 de setembro, s\u00e1bado, o evento ser\u00e1 suspenso para a an\u00e1lise dos documentos referentes aos seguintes per\u00edodos: de 1\u00ba de setembro a 31 de dezembro de 2025, e, ainda, de&hellip;<\/p>\n","protected":false},"author":3,"featured_media":25787,"comment_status":"open","ping_status":"open","sticky":false,"template":"","format":"standard","meta":{"_acf_changed":false,"cybocfi_hide_featured_image":"","footnotes":""},"categories":[3],"tags":[],"class_list":["post-25786","post","type-post","status-publish","format-standard","has-post-thumbnail","hentry","category-noticias"],"acf":{"chapeu_post":"PARTICIPA\u00c7\u00c3O"},"_links":{"self":[{"href":"https:\/\/br01.clst1804.huntidata.com.br\/~serjusmigorg\/wp-json\/wp\/v2\/posts\/25786","targetHints":{"allow":["GET"]}}],"collection":[{"href":"https:\/\/br01.clst1804.huntidata.com.br\/~serjusmigorg\/wp-json\/wp\/v2\/posts"}],"about":[{"href":"https:\/\/br01.clst1804.huntidata.com.br\/~serjusmigorg\/wp-json\/wp\/v2\/types\/post"}],"author":[{"embeddable":true,"href":"https:\/\/br01.clst1804.huntidata.com.br\/~serjusmigorg\/wp-json\/wp\/v2\/users\/3"}],"replies":[{"embeddable":true,"href":"https:\/\/br01.clst1804.huntidata.com.br\/~serjusmigorg\/wp-json\/wp\/v2\/comments?post=25786"}],"version-history":[{"count":2,"href":"https:\/\/br01.clst1804.huntidata.com.br\/~serjusmigorg\/wp-json\/wp\/v2\/posts\/25786\/revisions"}],"predecessor-version":[{"id":25789,"href":"https:\/\/br01.clst1804.huntidata.com.br\/~serjusmigorg\/wp-json\/wp\/v2\/posts\/25786\/revisions\/25789"}],"wp:featuredmedia":[{"embeddable":true,"href":"https:\/\/br01.clst1804.huntidata.com.br\/~serjusmigorg\/wp-json\/wp\/v2\/media\/25787"}],"wp:attachment":[{"href":"https:\/\/br01.clst1804.huntidata.com.br\/~serjusmigorg\/wp-json\/wp\/v2\/media?parent=25786"}],"wp:term":[{"taxonomy":"category","embeddable":true,"href":"https:\/\/br01.clst1804.huntidata.com.br\/~serjusmigorg\/wp-json\/wp\/v2\/categories?post=25786"},{"taxonomy":"post_tag","embeddable":true,"href":"https:\/\/br01.clst1804.huntidata.com.br\/~serjusmigorg\/wp-json\/wp\/v2\/tags?post=25786"}],"curies":[{"name":"wp","href":"https:\/\/api.w.org\/{rel}","templated":true}]}}