{"id":9899,"date":"2023-03-29T12:24:00","date_gmt":"2023-03-29T12:24:00","guid":{"rendered":"https:\/\/pecorari-cloudbr722.pecoraricloud.com.br\/~serjusmigorg\/prorrogamos-a-campanha-de-adesao-com-condicoes-especiais-de-carencia-a-unimed-bh-aproveite\/"},"modified":"2026-08-09T12:10:26","modified_gmt":"2026-08-09T15:10:26","slug":"prorrogamos-a-campanha-de-adesao-com-condicoes-especiais-de-carencia-a-unimed-bh-aproveite","status":"publish","type":"post","link":"https:\/\/br01.clst1804.huntidata.com.br\/~serjusmigorg\/prorrogamos-a-campanha-de-adesao-com-condicoes-especiais-de-carencia-a-unimed-bh-aproveite\/","title":{"rendered":"Prorrogamos a campanha de ades\u00e3o com condi\u00e7\u00f5es especiais de car\u00eancia \u00e0 Unimed BH. Aproveite!"},"content":{"rendered":"\n<figure class=\"wp-block-image size-large\"><img fetchpriority=\"high\" decoding=\"async\" width=\"1024\" height=\"575\" src=\"https:\/\/br01.clst1804.huntidata.com.br\/~serjusmigorg\/wp-content\/uploads\/2023\/03\/ad48b4a207fc640b1a78d6f9f2456bcd9fe3310e-1024x575.jpg\" alt=\"\" class=\"wp-image-23381\" srcset=\"https:\/\/br01.clst1804.huntidata.com.br\/~serjusmigorg\/wp-content\/uploads\/2023\/03\/ad48b4a207fc640b1a78d6f9f2456bcd9fe3310e-1024x575.jpg 1024w, https:\/\/br01.clst1804.huntidata.com.br\/~serjusmigorg\/wp-content\/uploads\/2023\/03\/ad48b4a207fc640b1a78d6f9f2456bcd9fe3310e-300x168.jpg 300w, https:\/\/br01.clst1804.huntidata.com.br\/~serjusmigorg\/wp-content\/uploads\/2023\/03\/ad48b4a207fc640b1a78d6f9f2456bcd9fe3310e-768x431.jpg 768w, https:\/\/br01.clst1804.huntidata.com.br\/~serjusmigorg\/wp-content\/uploads\/2023\/03\/ad48b4a207fc640b1a78d6f9f2456bcd9fe3310e-370x208.jpg 370w, https:\/\/br01.clst1804.huntidata.com.br\/~serjusmigorg\/wp-content\/uploads\/2023\/03\/ad48b4a207fc640b1a78d6f9f2456bcd9fe3310e-1080x606.jpg 1080w, https:\/\/br01.clst1804.huntidata.com.br\/~serjusmigorg\/wp-content\/uploads\/2023\/03\/ad48b4a207fc640b1a78d6f9f2456bcd9fe3310e-865x486.jpg 865w, https:\/\/br01.clst1804.huntidata.com.br\/~serjusmigorg\/wp-content\/uploads\/2023\/03\/ad48b4a207fc640b1a78d6f9f2456bcd9fe3310e-642x360.jpg 642w, https:\/\/br01.clst1804.huntidata.com.br\/~serjusmigorg\/wp-content\/uploads\/2023\/03\/ad48b4a207fc640b1a78d6f9f2456bcd9fe3310e-270x152.jpg 270w, https:\/\/br01.clst1804.huntidata.com.br\/~serjusmigorg\/wp-content\/uploads\/2023\/03\/ad48b4a207fc640b1a78d6f9f2456bcd9fe3310e.jpg 1140w\" sizes=\"(max-width: 1024px) 100vw, 1024px\" \/><\/figure>\n\n\n<p>&nbsp;<\/p>\n<p style=\"text-align: justify;\">Com mais uma campanha de sucesso, o SERJUSMIG e a Unimed BH prorrogam a campanha especial para ades\u00e3o ao Plano Unipart, com isen\u00e7\u00e3o de car\u00eancias para consultas, exames b\u00e1sicos, cirurgias ambulatoriais, exames especiais e fisioterapias.<\/p>\n<p style=\"text-align: justify;\">Inicialmente com prazo para o fim do m\u00eas de mar\u00e7o, a proposta agora <strong>est\u00e1 aberta at\u00e9 o dia 27 de abril<\/strong>. No per\u00edodo da campanha, o UNIMED ODONTO ter\u00e1 isen\u00e7\u00e3o das car\u00eancias.<\/p>\n<p style=\"text-align: justify;\">\u00c9 importante frisar que as inclus\u00f5es realizadas no per\u00edodo de 26 de mar\u00e7o a 24 de abril ter\u00e3o o in\u00edcio do atendimento em 1\u00ba de maio. Aquelas que forem movimentadas de 25 a 27 de abril, o in\u00edcio ser\u00e1 em 1\u00ba de junho.<\/p>\n<p style=\"text-align: justify;\">\u00a0<\/p>\n<p style=\"text-align: justify;\"><strong>Benef\u00edcios<\/strong><\/p>\n<p style=\"text-align: justify;\">Entre os benef\u00edcios da Unimed-BH, o associado ter\u00e1 \u00e0 disposi\u00e7\u00e3o uma vasta rede de atendimento com mais de 400 hospitais, 3,5 mil laborat\u00f3rios e centros de diagn\u00f3stico. Al\u00e9m disso, descontos em medicamentos na Drogaria Ara\u00fajo, e um r\u00e1pido e facilitado atendimento por meio do aplicativo.<\/p>\n<p style=\"text-align: justify;\">Os planos dispon\u00edveis para ades\u00e3o podem ser utilizados em todo o Estado de Minas Gerais para qualquer atendimento programado\/eletivo, e em todo o territ\u00f3rio nacional para os atendimentos de urg\u00eancia\/emerg\u00eancia.<\/p>\n<p style=\"text-align: justify;\">A promo\u00e7\u00e3o \u00e9 v\u00e1lida somente para o Plano Unipart (enfermaria e apartamento), a quem aderir at\u00e9 o fim da campanha. Aos servidores e servidoras filiados que fizerem a ades\u00e3o durante a campanha, o SERJUSMIG solicita uma declara\u00e7\u00e3o de perman\u00eancia no Plano Unipart pelo per\u00edodo m\u00ednimo de 6 meses.<\/p>\n<p style=\"text-align: justify;\">\u00a0<\/p>\n<p style=\"text-align: justify;\"><strong>Saiba mais pelo atendimento SERJUSMIG<\/strong><\/p>\n<p style=\"text-align: justify;\">Para novas ades\u00f5es ao plano de sa\u00fade Unimed-BH ou para sanar eventuais d\u00favidas relacionadas ao tema, os interessados podem entrar em contato diretamente com o setor Unimed\/SERJUSMIG em qualquer uma de nossas regionais, nos seguintes contatos:<\/p>\n<p style=\"text-align: justify;\"><strong>Departamento de Sa\u00fade <\/strong>&#8211; (31)99646-2504<br \/>Yana: (31)3025-3536 &#8211; planodesaude@serjusmig.org.br<br \/>Rosilene: (31)3025-3503 &#8211; saude.sjm@serjusmig.org.br<br \/>Keli: (31)3025-3502 &#8211; saude@serjusmig.org.br<\/p>\n<p style=\"text-align: justify;\"><strong>Regionais:\u00a0<\/strong><br \/>Governador Valadares: Lucimar<br \/>(33)3279-3809 | (33)99197-7626 &#8211; regionalgovernadorvaladares@serjusmig.org.br<br \/>Manhua\u00e7u: Daiana<br \/>(33)3332-1848 &#8211; regionalmanhuacu@serjusmig.org.br<br \/>Po\u00e7os de Caldas: Andrea<br \/>(35)3721-2537 | (35)98401-5851 &#8211; regionalpocosdecaldas@serjusmig.org.br<br \/>Te\u00f3filo Otoni: Luana<br \/>(33)3536-1210 | (33)98705-2271 &#8211; regionalteofilootoni@serjusmig.org.br<br \/>Uberl\u00e2ndia: Ros\u00e2ngela<br \/>(34)3224-8941 | (34)99651-3809 &#8211; regionaluberlandia@serjusmig.org.br<br \/>Juiz de Fora: \u00c9rika<br \/>(32)3216-1296 | (32)99860-3431 &#8211; regionaljuizdefora@serjusmig.org.br<br \/>Montes Claros: Leila<br \/>(38)3216-1151 | (38)99907-1136 &#8211; regionalmontesclaros@serjusmig.org.br<br \/>Pouso Alegre: Ana Karina<br \/>(35)3421-9259 | (35)99769-4685 &#8211; regionalpousoalegre@serjusmig.org.br<br \/>Uberaba: Fernanda<br \/>(34)3334-1871 | (34)99814-0795 &#8211; regionaluberaba@serjusmig.org.br<br \/>\u00a0<\/p>\n<p style=\"text-align: justify;\">\u00a0<\/p>\n<p style=\"text-align: justify;\"><strong>Filie-se<\/strong><\/p>\n<p style=\"text-align: justify;\">Voc\u00ea, que ainda n\u00e3o \u00e9 filiado\/a, aproveite a oportunidade para efetuar sua filia\u00e7\u00e3o na p\u00e1gina do Sindicato. Al\u00e9m de fortalecer a luta dos trabalhadores e trabalhadoras do Judici\u00e1rio mineiro, voc\u00ea tamb\u00e9m tem acesso ao plano de sa\u00fade, com as vantagens oferecidas nesta oferta.<\/p>\n<p style=\"text-align: justify;\">Para mais informa\u00e7\u00f5es sobre filia\u00e7\u00e3o, entre em contato com a sua Regional ou com nosso trabalhador Franklin Almeida, pelo telefone (31) 99950-4843, ou pelo e-mail filiacao@serjusmig.org.br.<\/p>\n<p style=\"text-align: justify;\">\u00a0<\/p>\n<p style=\"text-align: justify;\"><em><strong>SERJUSMIG<\/strong><br \/>Cuidar de voc\u00ea: esse \u00e9 o plano!<\/em><\/p>\n\n\n<p class=\"wp-block-paragraph\"><\/p>\n","protected":false},"excerpt":{"rendered":"<p>n\/a<\/p>\n","protected":false},"author":1,"featured_media":23381,"comment_status":"open","ping_status":"open","sticky":false,"template":"","format":"standard","meta":{"_acf_changed":false,"cybocfi_hide_featured_image":"yes","footnotes":""},"categories":[1],"tags":[],"class_list":["post-9899","post","type-post","status-publish","format-standard","has-post-thumbnail","hentry","category-sem-categoria"],"acf":{"chapeu_post":""},"_links":{"self":[{"href":"https:\/\/br01.clst1804.huntidata.com.br\/~serjusmigorg\/wp-json\/wp\/v2\/posts\/9899","targetHints":{"allow":["GET"]}}],"collection":[{"href":"https:\/\/br01.clst1804.huntidata.com.br\/~serjusmigorg\/wp-json\/wp\/v2\/posts"}],"about":[{"href":"https:\/\/br01.clst1804.huntidata.com.br\/~serjusmigorg\/wp-json\/wp\/v2\/types\/post"}],"author":[{"embeddable":true,"href":"https:\/\/br01.clst1804.huntidata.com.br\/~serjusmigorg\/wp-json\/wp\/v2\/users\/1"}],"replies":[{"embeddable":true,"href":"https:\/\/br01.clst1804.huntidata.com.br\/~serjusmigorg\/wp-json\/wp\/v2\/comments?post=9899"}],"version-history":[{"count":1,"href":"https:\/\/br01.clst1804.huntidata.com.br\/~serjusmigorg\/wp-json\/wp\/v2\/posts\/9899\/revisions"}],"predecessor-version":[{"id":23382,"href":"https:\/\/br01.clst1804.huntidata.com.br\/~serjusmigorg\/wp-json\/wp\/v2\/posts\/9899\/revisions\/23382"}],"wp:featuredmedia":[{"embeddable":true,"href":"https:\/\/br01.clst1804.huntidata.com.br\/~serjusmigorg\/wp-json\/wp\/v2\/media\/23381"}],"wp:attachment":[{"href":"https:\/\/br01.clst1804.huntidata.com.br\/~serjusmigorg\/wp-json\/wp\/v2\/media?parent=9899"}],"wp:term":[{"taxonomy":"category","embeddable":true,"href":"https:\/\/br01.clst1804.huntidata.com.br\/~serjusmigorg\/wp-json\/wp\/v2\/categories?post=9899"},{"taxonomy":"post_tag","embeddable":true,"href":"https:\/\/br01.clst1804.huntidata.com.br\/~serjusmigorg\/wp-json\/wp\/v2\/tags?post=9899"}],"curies":[{"name":"wp","href":"https:\/\/api.w.org\/{rel}","templated":true}]}}